{"id":1028,"date":"2014-06-05T23:29:03","date_gmt":"2014-06-05T23:29:03","guid":{"rendered":"http:\/\/5.196.224.66\/?p=1028"},"modified":"2016-03-28T19:54:51","modified_gmt":"2016-03-28T19:54:51","slug":"aquile-lepine-racconto-di-romeo722runner","status":"publish","type":"post","link":"http:\/\/www.animaguzzista.com\/?p=1028","title":{"rendered":"Aquile Lepine: racconto di Romeo722Runner"},"content":{"rendered":"<p>Racconto di\u00a0Romeo722Runner<\/p>\n<p>&nbsp;<\/p>\n<p>&nbsp;<\/p>\n<p>eccomi, ci sono anche io. mio primo incontro di primavera, mio primo raduno guzzista, mio primo raduno in moto. che dire? a dir poco emozionante.<br \/>\nnon ho trovato amici, o persone che condividevano la mia nuova passione (guido una Guzzi da pochi mesi, grazie alla generosit\u00e0 di mio fratello), ho trovato fratelli, zii, sorelle, persone che mi sembrava di conoscere da sempre.<br \/>\ninnanzitutto un ringraziamento alle truppe cammellate alias scrotonuragici che mi hanno subito accolto come uno di loro, forse perch\u00e8 sono accozzato (raccomandato), gi\u00e0 dal loro sbarco a civitavecchia, mentre mi faceva male il culo perch\u00e8 mi ero sparato Milano-Civitavecchia con poche o niente soste. solo per benza e pip\u00ec.<br \/>\nho avuto il piacere di rincontrare Strya e Gonares, che conscevo gi\u00e0, ma poi dividere la stanza con zio Bos (per me sei uno zio. il caso \u00e8 chiuso). mi non ti drom\u00ec gagghendi! e Andrea. Bravi ragazzi, niente da dire, ma parlano di uno strano! e dicono di parlare in sardo. boh?<br \/>\nmi aggiungo ai complimenti e alla stima per il grande Rotondo, con cui ho condiviso un bel po di km, dietro alla sua Vespa. a un certo punto l&#8217;ho abbandonato, perch\u00e8 iniziavo a sentire la fame, ma , una sosta per benza, una volta ho sbagliato strada e son salito alla stazione sciistica, ecc, alla fine siamo arrivati al ristorante insieme.<br \/>\npoi devo dire due parole sui pauerrenger: tutta la mia stima. simpaticissimi. a un certo punto li guardavo, e tra me pensavo: no, non \u00e8 possibile. non sono reali. mi sembrano personaggi dei fumetti, o dei cartoni animati. anche loro con quel difetto di pronuncia che dicono di parlare il sardo. boh? tipo: aggiu lu gabbu a gaggu, gurri gurri lu treni ma lu vagoni bura, ecc.<br \/>\npoi tocca sicuramente un ringraziamento al grande Ivan che ha organizzato tutto questo, con l&#8217;aiuto di Vladimiro e altri che non conosco, ma li ringrazio tutti ugualmente.<br \/>\npoi c&#8217;\u00e8 Pandora. cos\u00ec dolce, carina, e poi con la sua brevina con scarichi aperti che nelle curve ci dava che ci dava, anche sul bagnato. facevo una fatica a starle dietro! ma tanto, anche se era avanti di 4, 5 o 10 curve, e non la vedevo, con quegli scarichi la sentivo nitidamente e sapevo perfettamente che direzione prendeva agli incroci.<br \/>\npoi c&#8217;\u00e8 Macho. grazie per la compagnia nel viaggio di rientro, spero di non averti rallentato troppo, ma, gi\u00e0 a magliano sabina mi faceva male il culo, e la mia (lo so, non \u00e8 mia) nevada voleva spesso da bere. poi all&#8217;arrivo a milano mi sono accorto anche di aver finito la frizione. o meglio, il paraolio lato cambio ha pisciato e l&#8217;ha fatta slittare. ma questo lo abbiamo scoperto solo dopo averla aperta e cambiata. vabb\u00e8. dopo 70mila km in 9 anni, ci sta.<br \/>\npoi c&#8217;\u00e8 bici linder. anche con lui ho condiviso un tratto di strada di rientro il sabato , e mi son trovato bene<br \/>\npoi califoggiano, nedo, tinky winky, (non so perch\u00e8 ma mi viene da chiamarti cos\u00ec, noise), tutti fratelli acquisiti, anche se abbiamo parlato poco, e non abbiamo mai viaggiato insieme.<br \/>\ne un attimo, a tatu\u00e0, mo arivo pure da te: cazzo, ma quanto parli? e tutte quelle cazzate da dove le tiri fuori? io ti ascoltavo allibito, dicevo tra me: no, non \u00e8 possibile, si \u00e8 studiato un copione, oppure \u00e8 da ricovero! forse la seconda? sei simpaticissimo comunque. non cambiare mai. anzi, una cosa cambiala: non so se te l&#8217;hanno mai detto, ma vantarsi di avercelo piccolo, non \u00e8 che vada cos\u00ec bene. poi fai tu.<br \/>\ne il grande rana baut che si \u00e8 presentato al nostro tavolo con la birra ichnusa!! quale affronto! ti sei guadagnato la mia stima, ma non solo per quello.<br \/>\ne poi c&#8217;\u00e8 il Berghella&#8230;&#8230;&#8230;&#8230;&#8230;&#8230; &#8230;&#8230;&#8230;&#8230;.. &#8230;&#8230;&#8230;&#8230;&#8230;. &#8230;&#8230;&#8230;&#8230;&#8230;&#8230;.. io non sapevo come ci si comporta a questi raduni, durante i giri. ed eccomi dopo la partenza da C.P., dietro (o forse prima ero davanti, ma poi mi ha passato) a Pandora, che ci imbattiamo nella moto che pi\u00f9 mi aveva incuriosito: una Guzzi da enduro. visto che era dietro a una Panda 30 dell&#8217;82 a 25 all&#8217;ora, Pandora l&#8217;ha passato senza esitazione. io, arrivandogli agli scarichi, ho un po di esitazione, mi pare brutto passarlo. sono l&#8217;ultimo arrivato! che si svernicia cos\u00ec uno che di raduni ne avr\u00e0 fatto pi\u00f9 di mille? dopo poche curve, vedo che la Panda 30 raggiunge una velocit\u00e0 massima di 29 km orari. e il Berghella sempre dietro. al che ho pensato: qui c&#8217;\u00e8 qualcosa che non va. allora apro il gas di circa il 10% e gli stacco tutti gli adesivi dalle fiancate. no, gli stacco la ruggine, dalle fiancate. comunque lo passo. poi mi pareva brutto seminarlo. solo che Pandora se ne andava, e io che ne sapevo di che strada bisognava prendere? allora mi son dato da fare e ho cercato di raggiungerla. ma tanto, come ho detto prima, mi facevo guidare dal suono dei suoi scarichi.<br \/>\ncomplimenti ai post di nedo, tatuato, ma il pi\u00f9 fora de gabbu si \u00e8 poi rivelato babbaozzu, che ha scritto tantissimo. da farmi sganasciare. sempre con quell&#8217;accento strano, che dicono di parlare in sardo. boh? ho anche assaporato il suo vero dialetto, il catalano. non l&#8217;avevo mai sentito, ed \u00e8 stranissimo sentir parlare un sardo in un quasi autentico spagnolo.<\/p>\n<p>tutto questo senza nulla togliere a tutti quelli che non ho menzionato, che sono stati fantastici solo per il fatto di essere presenti.<\/p>\n<p>ah, si. un ringraziamento particolare a mio fratello, che mi ha dato in comodato d&#8217;uso la sua nevadina, e mi ha permesso di entrare in questo meraviglioso mondo, che prima guardavo dal di fuori, perch\u00e8 me lo raccontava lui. GRAZIE FRADI!<\/p>\n","protected":false},"excerpt":{"rendered":"<p>Racconto di\u00a0Romeo722Runner &nbsp; &nbsp; eccomi, ci sono anche io. mio primo incontro di primavera, mio primo raduno guzzista, mio primo raduno in moto. che dire? a dir poco emozionante. non ho trovato amici, o persone che condividevano la mia nuova passione (guido una Guzzi da pochi mesi, grazie alla generosit\u00e0 di mio fratello), ho trovato [&hellip;]<\/p>\n","protected":false},"author":1,"featured_media":1015,"comment_status":"closed","ping_status":"closed","sticky":false,"template":"","format":"standard","meta":{"ngg_post_thumbnail":0,"footnotes":""},"categories":[46],"tags":[],"_links":{"self":[{"href":"http:\/\/www.animaguzzista.com\/index.php?rest_route=\/wp\/v2\/posts\/1028"}],"collection":[{"href":"http:\/\/www.animaguzzista.com\/index.php?rest_route=\/wp\/v2\/posts"}],"about":[{"href":"http:\/\/www.animaguzzista.com\/index.php?rest_route=\/wp\/v2\/types\/post"}],"author":[{"embeddable":true,"href":"http:\/\/www.animaguzzista.com\/index.php?rest_route=\/wp\/v2\/users\/1"}],"replies":[{"embeddable":true,"href":"http:\/\/www.animaguzzista.com\/index.php?rest_route=%2Fwp%2Fv2%2Fcomments&post=1028"}],"version-history":[{"count":1,"href":"http:\/\/www.animaguzzista.com\/index.php?rest_route=\/wp\/v2\/posts\/1028\/revisions"}],"predecessor-version":[{"id":1029,"href":"http:\/\/www.animaguzzista.com\/index.php?rest_route=\/wp\/v2\/posts\/1028\/revisions\/1029"}],"wp:featuredmedia":[{"embeddable":true,"href":"http:\/\/www.animaguzzista.com\/index.php?rest_route=\/wp\/v2\/media\/1015"}],"wp:attachment":[{"href":"http:\/\/www.animaguzzista.com\/index.php?rest_route=%2Fwp%2Fv2%2Fmedia&parent=1028"}],"wp:term":[{"taxonomy":"category","embeddable":true,"href":"http:\/\/www.animaguzzista.com\/index.php?rest_route=%2Fwp%2Fv2%2Fcategories&post=1028"},{"taxonomy":"post_tag","embeddable":true,"href":"http:\/\/www.animaguzzista.com\/index.php?rest_route=%2Fwp%2Fv2%2Ftags&post=1028"}],"curies":[{"name":"wp","href":"https:\/\/api.w.org\/{rel}","templated":true}]}}