{"id":10419,"date":"2026-04-30T15:12:45","date_gmt":"2026-04-30T15:12:45","guid":{"rendered":"https:\/\/www.animaguzzista.com\/?p=10419"},"modified":"2026-04-30T15:12:45","modified_gmt":"2026-04-30T15:12:45","slug":"manutenzione-del-monumento-a-carlo-guzzi-2-2","status":"publish","type":"post","link":"http:\/\/www.animaguzzista.com\/?p=10419","title":{"rendered":"Fine lavori monumento e ultime considerazioni"},"content":{"rendered":"<p>Si sono conclusi i lavori di manutenzione al monumento di Carlo Guzzi, il bravissimo Ettore Gambioli coadiuvato dal nostro Simone \u201cTiccio\u201d da Massa Marittima hanno portato a termine un enorme lavoro di ripristino e miglioramento del nostro \u201cCarletto\u201d che ora \u00e8 tornato a splendere nei suoi colori naturali e che soprattutto \u00e8 stato posto in condizioni tali da poter sopportare meglio le intemperie e gli eventi atmosferici con un nuovo piano superiore e con diversi prodotti inseriti a sigillo dei vari punti in cui in precedenza rischiava di infiltrarsi l\u2019acqua. Non mi addentro in spiegazioni tecniche troppo dettagliate perch\u00e8 rischierei di sbagliare e di dire castronerie, vi rimando quindi al forum per poter chiedere lumi a Ticcio che sapr\u00e0 fornirvi i dettagli del caso oltre a rimandarvi alla buon Ettore che trovate sui suoi canali social ovviamente.<\/p>\n<p>&nbsp;<\/p>\n<div id='gallery-1' class='gallery galleryid-10419 gallery-columns-3 gallery-size-thumbnail'><figure class='gallery-item'>\n\t\t\t<div class='gallery-icon landscape'>\n\t\t\t\t<a href='http:\/\/www.animaguzzista.com\/?attachment_id=10421'><img loading=\"lazy\" decoding=\"async\" width=\"150\" height=\"150\" src=\"http:\/\/www.animaguzzista.com\/wp-content\/uploads\/2026\/04\/5fcc7ad4-8060-490e-bebb-b0f89e941f79-150x150.jpeg\" class=\"attachment-thumbnail size-thumbnail\" alt=\"\" \/><\/a>\n\t\t\t<\/div><\/figure><figure class='gallery-item'>\n\t\t\t<div class='gallery-icon landscape'>\n\t\t\t\t<a href='http:\/\/www.animaguzzista.com\/?attachment_id=10422'><img loading=\"lazy\" decoding=\"async\" width=\"150\" height=\"150\" src=\"http:\/\/www.animaguzzista.com\/wp-content\/uploads\/2026\/04\/fe0b92b5-906f-4628-a45a-6856fb8f1814-150x150.jpeg\" class=\"attachment-thumbnail size-thumbnail\" alt=\"\" \/><\/a>\n\t\t\t<\/div><\/figure><figure class='gallery-item'>\n\t\t\t<div class='gallery-icon portrait'>\n\t\t\t\t<a href='http:\/\/www.animaguzzista.com\/?attachment_id=10423'><img loading=\"lazy\" decoding=\"async\" width=\"150\" height=\"150\" src=\"http:\/\/www.animaguzzista.com\/wp-content\/uploads\/2026\/04\/83809906-2404-4c7e-9f84-467dcc619b67-150x150.jpeg\" class=\"attachment-thumbnail size-thumbnail\" alt=\"\" \/><\/a>\n\t\t\t<\/div><\/figure>\n\t\t<\/div>\n\n<p>In occasione dei lavori, che va ricordato, sono stati possibili anche grazie all\u2019aiuto del Carlo Guzzi Club di Mandello del Lario che ha fornito supporto logistico e non solo, abbiamo avviato una campagna raccolta fondi, campagna che \u00e8 andata bene oltre misura dato che ci ha permesso di sopperire alle spese sostenute dall\u2019Associazione e che ci ha permesso di trovare il modo di rimborsare anche Simone delle spese sostenute in occasione dei due viaggi a Mandello e soprattutto permette anche di dare continuit\u00e0 a quanto fatto a suo tempo dando un aiuto concreto al comune nel sostenere la spesa maggiore di questi lavori.<\/p>\n<p>Sempre nel forum a <a href=\"https:\/\/forum.animaguzzista.com\/viewtopic.php?p=2004158#p2004158\">questo link<\/a> troverete anche copia del bilancio consuntivo con dettaglio dei costi e spese sostenute e delle somme raccolte ovviamente in forma anonima. Vi invito a contattare lo staff per qualsiasi dubbio o domanda tramite l&#8217;email staff @ animaguzzista.com.<\/p>\n<p>Quest\u2019occasione \u00e8 stata la dimostrazione concreta di ci\u00f2 che rappresenta davvero Anima Guzzista. Non \u00e8 soltanto un gruppo di motociclisti o un insieme di appassionati: \u00e8 qualcosa di pi\u00f9 profondo, reale, tangibile. Qualcosa che come accade per il Carletto si pu\u00f2 toccare con mano, davanti a cui ci si pu\u00f2 persino fermare con la propria moto per una foto.<\/p>\n<p>\u00c8 l\u2019espressione di una volont\u00e0 precisa: lasciare un segno. Ricordare che la nostra passione per Moto Guzzi non \u00e8 solo passione fine a s\u00e9 stessa, ma fa parte della nostra identit\u00e0, \u00e8 un modo per condividere la nostra passione insieme ai tanti amici che abbiamo trovato per strada, sono tutti i momenti di presenza viva sul territorio.<\/p>\n<p>Gli eventi, gli incontri, i premi ai personaggi e, concedetemelo, il nostro monumento a Carlo Guzzi, sono il motivo di essere di Anima Guzzista. Il vostro aiuto concreto e unico con la donazione cos\u00ec come quello continuo e costante della tessera annua sono il motore che ci permette di andare avanti.<\/p>\n<p>E oggi pi\u00f9 che mai in un momento difficile come quello che stiamo vivendo oggi \u00e8 importantissimo incontrarci, stare insieme, con tutte le nostre splendide differenze e unicit\u00e0 cos\u00ec da poterle condividere e apprezzare ancora di pi\u00f9. Incontriamoci e sfruttiamo gli eventi e i raduni motociclistici. Rendiamo questo mondo un posto migliore.<\/p>\n","protected":false},"excerpt":{"rendered":"<p>Si sono conclusi i lavori di manutenzione al monumento di Carlo Guzzi, il bravissimo Ettore Gambioli coadiuvato dal nostro Simone \u201cTiccio\u201d da Massa Marittima hanno portato a termine un enorme lavoro di ripristino e miglioramento del nostro \u201cCarletto\u201d che ora \u00e8 tornato a splendere nei suoi colori naturali e che soprattutto \u00e8 stato posto in [&hellip;]<\/p>\n","protected":false},"author":1,"featured_media":10424,"comment_status":"closed","ping_status":"open","sticky":false,"template":"","format":"standard","meta":{"ngg_post_thumbnail":0,"footnotes":""},"categories":[4,8],"tags":[103,150,53,102,149],"_links":{"self":[{"href":"http:\/\/www.animaguzzista.com\/index.php?rest_route=\/wp\/v2\/posts\/10419"}],"collection":[{"href":"http:\/\/www.animaguzzista.com\/index.php?rest_route=\/wp\/v2\/posts"}],"about":[{"href":"http:\/\/www.animaguzzista.com\/index.php?rest_route=\/wp\/v2\/types\/post"}],"author":[{"embeddable":true,"href":"http:\/\/www.animaguzzista.com\/index.php?rest_route=\/wp\/v2\/users\/1"}],"replies":[{"embeddable":true,"href":"http:\/\/www.animaguzzista.com\/index.php?rest_route=%2Fwp%2Fv2%2Fcomments&post=10419"}],"version-history":[{"count":4,"href":"http:\/\/www.animaguzzista.com\/index.php?rest_route=\/wp\/v2\/posts\/10419\/revisions"}],"predecessor-version":[{"id":10427,"href":"http:\/\/www.animaguzzista.com\/index.php?rest_route=\/wp\/v2\/posts\/10419\/revisions\/10427"}],"wp:featuredmedia":[{"embeddable":true,"href":"http:\/\/www.animaguzzista.com\/index.php?rest_route=\/wp\/v2\/media\/10424"}],"wp:attachment":[{"href":"http:\/\/www.animaguzzista.com\/index.php?rest_route=%2Fwp%2Fv2%2Fmedia&parent=10419"}],"wp:term":[{"taxonomy":"category","embeddable":true,"href":"http:\/\/www.animaguzzista.com\/index.php?rest_route=%2Fwp%2Fv2%2Fcategories&post=10419"},{"taxonomy":"post_tag","embeddable":true,"href":"http:\/\/www.animaguzzista.com\/index.php?rest_route=%2Fwp%2Fv2%2Ftags&post=10419"}],"curies":[{"name":"wp","href":"https:\/\/api.w.org\/{rel}","templated":true}]}}