{"id":2792,"date":"2010-04-20T19:59:40","date_gmt":"2010-04-20T19:59:40","guid":{"rendered":"http:\/\/www.animaguzzista.com\/?p=2792"},"modified":"2015-04-24T17:13:37","modified_gmt":"2015-04-24T17:13:37","slug":"attenti-a-quei-due","status":"publish","type":"post","link":"http:\/\/www.animaguzzista.com\/?p=2792","title":{"rendered":"Attenti a quei due!!"},"content":{"rendered":"<p>di Giuseppe Cavalieri<\/p>\n<p>&nbsp;<\/p>\n<p>Vallellunga (RM) 2 novembre 2002.<\/p>\n<p>Ore 9: appuntamento davanti casa mia. Carichiamo le moto poi si parte, destinazione Vallelunga.<\/p>\n<p>&nbsp;<\/p>\n<p>Arriviamo verso le 10, il cielo \u00e9 nuvoloso. Ci ritroviamo tutti a fare scongiuri, speriamo bene.<\/p>\n<p>Ore 11,30: siamo al cancello, ci gustiamo i soliti sguardi del tipo: &#8220;anvedi questi, ma ndo vanno!&#8221; ecc. In effetti in mezzo al fior fiore delle sportive giapponesi e ducati varie, siamo un&#8217;eccezione, ma a volte le apparenze ingannano!<\/p>\n<p>Ore 11,35: si balla! I primi giri sono di riscaldamento e di assuefazione alla nuova configurazione di Vallellunga. In pratica adesso senza la prima variante, dopo il rettilineo dei box viene una S velocissima che noi con le Guzzi facciamo in quinta piena, le Jap no; molti addirittura frenano di brutto. In effetti ci rendiamo subito conto che il livello \u00e9 bassino e dopo pochi giri ci ritroviamo a fare i fenomeni, perch\u00e9 a parte quei pochi che il gas lo davano davvero, il resto subisce l&#8217;onta del sorpasso da parte dei nostri ferracci.<\/p>\n<p>Dopo 4 o 5 giri vengo passato da Claudio (CP) all&#8217;uscita della curva Roma e per un paio di giri mi gusto la sua particolarissima guida, un p\u00f2 meno il malcapitato pilota di un VTR che si \u00e9 visto passare un p\u00f2 rudemente all&#8217;esterno della curva Trincea.<\/p>\n<p>Io mi ingarello con una R6 per parecchi giri fino a un contatto alla curva Esse dove resto in piedi per miracolo e comunque davanti. Ad ogni modo il divertimento \u00e9 pure quello.<\/p>\n<p>Alla fine dei turni ci scambiamo le nostre impressioni sulle moto e sulla pista. Le moto vanno da Dio per quanto riguarda la parte ciclistica e Claudio \u00e9 abbastanza soddisfatto anche del motore, purtroppo per me il mio di motore non \u00e9 assolutamente all&#8217;altezza del resto (temo che dovremo aprirlo) e anche la forcella ha pensato bene di crearmi parecchi problemi.<\/p>\n<p>Infine vorrei rivolgere un invito agli amici con i 1100 sport, V11, Daytona e Centauro: fatevi vedere di pi\u00f9 alle prove libere!!!<\/p>\n<p>Ore 17,30: ricarichiamo le moto, si torna a casa. Mille di questi giorni!<\/p>\n<p>Da Vallelunga Claudio (CiP\u00ec) e Peppe (Mandrake)<\/p>\n<div id='gallery-1' class='gallery galleryid-2792 gallery-columns-5 gallery-size-thumbnail'><figure class='gallery-item'>\n\t\t\t<div class='gallery-icon landscape'>\n\t\t\t\t<a href='http:\/\/www.animaguzzista.com\/?attachment_id=2793'><img loading=\"lazy\" decoding=\"async\" width=\"150\" height=\"150\" src=\"http:\/\/www.animaguzzista.com\/wp-content\/uploads\/2015\/04\/AnimaGuzzista-Racconti-Attenti-a-quei-due026-150x150.jpg\" class=\"attachment-thumbnail size-thumbnail\" alt=\"\" srcset=\"http:\/\/www.animaguzzista.com\/wp-content\/uploads\/2015\/04\/AnimaGuzzista-Racconti-Attenti-a-quei-due026-150x150.jpg 150w, http:\/\/www.animaguzzista.com\/wp-content\/uploads\/2015\/04\/AnimaGuzzista-Racconti-Attenti-a-quei-due026-300x300.jpg 300w, http:\/\/www.animaguzzista.com\/wp-content\/uploads\/2015\/04\/AnimaGuzzista-Racconti-Attenti-a-quei-due026-100x100.jpg 100w\" sizes=\"(max-width: 150px) 100vw, 150px\" \/><\/a>\n\t\t\t<\/div><\/figure><figure class='gallery-item'>\n\t\t\t<div class='gallery-icon landscape'>\n\t\t\t\t<a href='http:\/\/www.animaguzzista.com\/?attachment_id=2794'><img loading=\"lazy\" decoding=\"async\" width=\"150\" height=\"150\" src=\"http:\/\/www.animaguzzista.com\/wp-content\/uploads\/2015\/04\/AnimaGuzzista-Racconti-Attenti-a-quei-due026_001-150x150.jpg\" class=\"attachment-thumbnail size-thumbnail\" alt=\"\" srcset=\"http:\/\/www.animaguzzista.com\/wp-content\/uploads\/2015\/04\/AnimaGuzzista-Racconti-Attenti-a-quei-due026_001-150x150.jpg 150w, http:\/\/www.animaguzzista.com\/wp-content\/uploads\/2015\/04\/AnimaGuzzista-Racconti-Attenti-a-quei-due026_001-300x300.jpg 300w, http:\/\/www.animaguzzista.com\/wp-content\/uploads\/2015\/04\/AnimaGuzzista-Racconti-Attenti-a-quei-due026_001-100x100.jpg 100w\" sizes=\"(max-width: 150px) 100vw, 150px\" \/><\/a>\n\t\t\t<\/div><\/figure><figure class='gallery-item'>\n\t\t\t<div class='gallery-icon landscape'>\n\t\t\t\t<a href='http:\/\/www.animaguzzista.com\/?attachment_id=2795'><img loading=\"lazy\" decoding=\"async\" width=\"150\" height=\"150\" src=\"http:\/\/www.animaguzzista.com\/wp-content\/uploads\/2015\/04\/AnimaGuzzista-Racconti-Attenti-a-quei-due026_002-150x150.jpg\" class=\"attachment-thumbnail size-thumbnail\" alt=\"\" srcset=\"http:\/\/www.animaguzzista.com\/wp-content\/uploads\/2015\/04\/AnimaGuzzista-Racconti-Attenti-a-quei-due026_002-150x150.jpg 150w, http:\/\/www.animaguzzista.com\/wp-content\/uploads\/2015\/04\/AnimaGuzzista-Racconti-Attenti-a-quei-due026_002-300x300.jpg 300w, http:\/\/www.animaguzzista.com\/wp-content\/uploads\/2015\/04\/AnimaGuzzista-Racconti-Attenti-a-quei-due026_002-100x100.jpg 100w\" sizes=\"(max-width: 150px) 100vw, 150px\" \/><\/a>\n\t\t\t<\/div><\/figure><figure class='gallery-item'>\n\t\t\t<div class='gallery-icon landscape'>\n\t\t\t\t<a href='http:\/\/www.animaguzzista.com\/?attachment_id=2796'><img loading=\"lazy\" decoding=\"async\" width=\"150\" height=\"150\" src=\"http:\/\/www.animaguzzista.com\/wp-content\/uploads\/2015\/04\/AnimaGuzzista-Racconti-Attenti-a-quei-due026_003-150x150.jpg\" class=\"attachment-thumbnail size-thumbnail\" alt=\"\" srcset=\"http:\/\/www.animaguzzista.com\/wp-content\/uploads\/2015\/04\/AnimaGuzzista-Racconti-Attenti-a-quei-due026_003-150x150.jpg 150w, http:\/\/www.animaguzzista.com\/wp-content\/uploads\/2015\/04\/AnimaGuzzista-Racconti-Attenti-a-quei-due026_003-300x300.jpg 300w, http:\/\/www.animaguzzista.com\/wp-content\/uploads\/2015\/04\/AnimaGuzzista-Racconti-Attenti-a-quei-due026_003-100x100.jpg 100w\" sizes=\"(max-width: 150px) 100vw, 150px\" \/><\/a>\n\t\t\t<\/div><\/figure><figure class='gallery-item'>\n\t\t\t<div class='gallery-icon landscape'>\n\t\t\t\t<a href='http:\/\/www.animaguzzista.com\/?attachment_id=2797'><img loading=\"lazy\" decoding=\"async\" width=\"150\" height=\"150\" src=\"http:\/\/www.animaguzzista.com\/wp-content\/uploads\/2015\/04\/AnimaGuzzista-Racconti-Attenti-a-quei-due026_004-150x150.jpg\" class=\"attachment-thumbnail size-thumbnail\" alt=\"\" srcset=\"http:\/\/www.animaguzzista.com\/wp-content\/uploads\/2015\/04\/AnimaGuzzista-Racconti-Attenti-a-quei-due026_004-150x150.jpg 150w, http:\/\/www.animaguzzista.com\/wp-content\/uploads\/2015\/04\/AnimaGuzzista-Racconti-Attenti-a-quei-due026_004-300x300.jpg 300w, http:\/\/www.animaguzzista.com\/wp-content\/uploads\/2015\/04\/AnimaGuzzista-Racconti-Attenti-a-quei-due026_004-100x100.jpg 100w\" sizes=\"(max-width: 150px) 100vw, 150px\" \/><\/a>\n\t\t\t<\/div><\/figure>\n\t\t<\/div>\n\n","protected":false},"excerpt":{"rendered":"<p>di Giuseppe Cavalieri &nbsp; Vallellunga (RM) 2 novembre 2002. Ore 9: appuntamento davanti casa mia. Carichiamo le moto poi si parte, destinazione Vallelunga. &nbsp; Arriviamo verso le 10, il cielo \u00e9 nuvoloso. Ci ritroviamo tutti a fare scongiuri, speriamo bene. Ore 11,30: siamo al cancello, ci gustiamo i soliti sguardi del tipo: &#8220;anvedi questi, ma [&hellip;]<\/p>\n","protected":false},"author":3,"featured_media":2796,"comment_status":"closed","ping_status":"open","sticky":false,"template":"","format":"standard","meta":{"ngg_post_thumbnail":0,"footnotes":""},"categories":[6,42],"tags":[],"_links":{"self":[{"href":"http:\/\/www.animaguzzista.com\/index.php?rest_route=\/wp\/v2\/posts\/2792"}],"collection":[{"href":"http:\/\/www.animaguzzista.com\/index.php?rest_route=\/wp\/v2\/posts"}],"about":[{"href":"http:\/\/www.animaguzzista.com\/index.php?rest_route=\/wp\/v2\/types\/post"}],"author":[{"embeddable":true,"href":"http:\/\/www.animaguzzista.com\/index.php?rest_route=\/wp\/v2\/users\/3"}],"replies":[{"embeddable":true,"href":"http:\/\/www.animaguzzista.com\/index.php?rest_route=%2Fwp%2Fv2%2Fcomments&post=2792"}],"version-history":[{"count":2,"href":"http:\/\/www.animaguzzista.com\/index.php?rest_route=\/wp\/v2\/posts\/2792\/revisions"}],"predecessor-version":[{"id":3242,"href":"http:\/\/www.animaguzzista.com\/index.php?rest_route=\/wp\/v2\/posts\/2792\/revisions\/3242"}],"wp:featuredmedia":[{"embeddable":true,"href":"http:\/\/www.animaguzzista.com\/index.php?rest_route=\/wp\/v2\/media\/2796"}],"wp:attachment":[{"href":"http:\/\/www.animaguzzista.com\/index.php?rest_route=%2Fwp%2Fv2%2Fmedia&parent=2792"}],"wp:term":[{"taxonomy":"category","embeddable":true,"href":"http:\/\/www.animaguzzista.com\/index.php?rest_route=%2Fwp%2Fv2%2Fcategories&post=2792"},{"taxonomy":"post_tag","embeddable":true,"href":"http:\/\/www.animaguzzista.com\/index.php?rest_route=%2Fwp%2Fv2%2Ftags&post=2792"}],"curies":[{"name":"wp","href":"https:\/\/api.w.org\/{rel}","templated":true}]}}