{"id":2845,"date":"2010-04-22T19:46:32","date_gmt":"2010-04-22T19:46:32","guid":{"rendered":"http:\/\/www.animaguzzista.com\/?p=2845"},"modified":"2015-04-24T17:09:24","modified_gmt":"2015-04-24T17:09:24","slug":"vallelunga","status":"publish","type":"post","link":"http:\/\/www.animaguzzista.com\/?p=2845","title":{"rendered":"Vallelunga"},"content":{"rendered":"<p>di Giuseppe Cavalieri<\/p>\n<p>Finalmente \u00e8 arrivato sabato, non si lavora (di solito), c\u2019\u00e8 meno traffico: insomma un giorno piacevole, una boccata d\u2019ossigeno. Il sabato in questione poi \u00e8 pi\u00f9 piacevole del solito, dato che sto su un Ducato bianco alimentato a metano, decisamente diretto a Vallelunga.<\/p>\n<p>Ebbene s\u00ec, siamo io e Claudio (CIPI) e stiamo andando alla prima gara di quest\u2019anno della STW. Per questa volta c\u2019\u00e8 una bella novit\u00e0, c\u2019\u00e8 in pista una Guzzi (dal 97) e, udite udite, con un pilota vero, nientepopodimeno che Samuele Sardi, l\u2019unico campione italiano STW nel segno dell\u2019Aquila.<\/p>\n<p>Erano cinque anni che non vedevo Samuele ed \u00e8 sempre il solite amicone. Dopo aver ricordato un po\u2019 di cazzate dette e fatte, passiamo al presente, &#8220;Come ti sembra?&#8221; chiedo a freddo. &#8220;Bella, \u00e8 bella&#8221;. &#8220;Come te la senti sotto?&#8221;. &#8220;Un po\u2019 dura&#8221;. Stiamo parlando della moto ovviamente, mi dice poi che nelle libere di venerd\u00ec ha girato in 1,30, ma che il margine per migliorare c\u2019\u00e9.<\/p>\n<p>Poi dopo i primi mugugni di Claudio, cominciamo a lavorare: bisogna preparare la moto per le verifiche tecniche. Montiamo il sottocoppa per l\u2019olio, leghiamo i tappi e via alle verifiche. Samuele come al solito dimentica la licenza. Intanto nel locale verifiche noto una bilancia, approfitto al volo ehhhh!!!! 194 kg!!! Perch\u00e9 l\u2019ho pesata? Alla meraviglia dei presenti rispondo prontamente : &#8220;Ma no! C\u2019\u00e8 il pieno di benzina (due litri). E poi mi ero appoggiato (la tenevo con il mignolo). Peser\u00e0 s\u00ec e no 160 (magari!)&#8221;. Poi andiamo a metterle le scarpe nuove: Metzeler Rennsport e ritorniamo al box.<\/p>\n<p>La moto, dice Samuele, si guida molto bene, \u00e8 neutra, tiene bene la traiettoria, solo che \u00e8 troppo caricata in avanti a livello di semimanubri. Lui vorrebbe in pratica una posizione di guida pi\u00f9 alta, cos\u00ec la sento di pi\u00f9, dice. Claudio materializza due semimanubri pi\u00f9 alti di 2 cm, che monto in meno di cinque minuti. E\u2019 pronta!<\/p>\n<div id='gallery-1' class='gallery galleryid-2845 gallery-columns-2 gallery-size-thumbnail'><figure class='gallery-item'>\n\t\t\t<div class='gallery-icon landscape'>\n\t\t\t\t<a href='http:\/\/www.animaguzzista.com\/?attachment_id=2847'><img loading=\"lazy\" decoding=\"async\" width=\"150\" height=\"150\" src=\"http:\/\/www.animaguzzista.com\/wp-content\/uploads\/2015\/04\/Vallelunga-150x150.jpg\" class=\"attachment-thumbnail size-thumbnail\" alt=\"\" aria-describedby=\"gallery-1-2847\" srcset=\"http:\/\/www.animaguzzista.com\/wp-content\/uploads\/2015\/04\/Vallelunga-150x150.jpg 150w, http:\/\/www.animaguzzista.com\/wp-content\/uploads\/2015\/04\/Vallelunga-300x300.jpg 300w, http:\/\/www.animaguzzista.com\/wp-content\/uploads\/2015\/04\/Vallelunga-100x100.jpg 100w\" sizes=\"(max-width: 150px) 100vw, 150px\" \/><\/a>\n\t\t\t<\/div>\n\t\t\t\t<figcaption class='wp-caption-text gallery-caption' id='gallery-1-2847'>\n\t\t\t\tPeppe aziona il motorino ausiliario per l&#8217;avviamento\n\t\t\t\t<\/figcaption><\/figure><figure class='gallery-item'>\n\t\t\t<div class='gallery-icon landscape'>\n\t\t\t\t<a href='http:\/\/www.animaguzzista.com\/?attachment_id=2846'><img loading=\"lazy\" decoding=\"async\" width=\"150\" height=\"150\" src=\"http:\/\/www.animaguzzista.com\/wp-content\/uploads\/2015\/04\/Vallelunga-1-150x150.jpg\" class=\"attachment-thumbnail size-thumbnail\" alt=\"\" aria-describedby=\"gallery-1-2846\" srcset=\"http:\/\/www.animaguzzista.com\/wp-content\/uploads\/2015\/04\/Vallelunga-1-150x150.jpg 150w, http:\/\/www.animaguzzista.com\/wp-content\/uploads\/2015\/04\/Vallelunga-1-300x300.jpg 300w, http:\/\/www.animaguzzista.com\/wp-content\/uploads\/2015\/04\/Vallelunga-1-100x100.jpg 100w\" sizes=\"(max-width: 150px) 100vw, 150px\" \/><\/a>\n\t\t\t<\/div>\n\t\t\t\t<figcaption class='wp-caption-text gallery-caption' id='gallery-1-2846'>\n\t\t\t\tSamuele Sardi (a sinistra) posa con Peppe e la moto\n\t\t\t\t<\/figcaption><\/figure>\n\t\t<\/div>\n\n<p>Pomeriggio: intanto \u00e8 arrivato Fange e andiamo insieme a piazzarci alla curva Semaforo per goderci le prove ufficiali. Tre giri e Samuele stampa 1,28 e 6. Quindicesimo tempo assoluto, senza forzare, con tranquillit\u00e0. Tre giri ancora, poi rientra.<\/p>\n<p>Allora? &#8220;Va bene, solo che tocco con le pedane. Vedi se riesci a convincere Claudio a tagliarle&#8221;. &#8220;Ci provo&#8221; dico io (in effetti ci metto quasi 2 secondi per convincerlo). Adesso \u00e8 perfetta, a domani.<\/p>\n<p>La gara.<\/p>\n<p>Dall\u2019alto della tribuna dove mi ero piazzato, guardavo Samuele sulla griglia di partenza e guardavo soprattutto le 22 moto dietro, una rappresentativa di Ducati tutte sicuramente pi\u00f9 competitive della nostra moto. (Sar\u00e0 forse manico?).<\/p>\n<p>37 moto in griglia, 34 Ducati, 1 BMW, 1 Suzuki, 1 Guzzi.<\/p>\n<p>Alle 16,50 suona la sirena. Pronti, via.<\/p>\n<p>Samuele fa una bella partenza come al solito, molla la frizione e via di coppia liscio come l\u2019olio. Primo giro passa quindicesimo, secondo giro quattordicesimo, ma vedo che guadagna sensibilmente nel misto, quello che purtroppo perde dalla Roma ai Cimini e fa impressione quanto esce forte dalla Trincea, dove riesce a fare la differenza. A met\u00e0 gara si incolla a due Ducati che per\u00f2 lo rallentano nel misto. All\u2019ottavo giro stampa 1,28 netto e dopo due sorpassi in staccata, passa in tredicesima posizione, puntualmente viene ripassato sul rettilineo, ma con un sorpasso da manuale all\u2019ultimo giro riesce a riportarsi in tredicesima posizione e passa sotto la bandiera a scacchi. GRANDE!!<\/p>\n<p>Da Vallelunga Peppe Cavaliere e Claudio Petrassi (CP)<\/p>\n","protected":false},"excerpt":{"rendered":"<p>di Giuseppe Cavalieri Finalmente \u00e8 arrivato sabato, non si lavora (di solito), c\u2019\u00e8 meno traffico: insomma un giorno piacevole, una boccata d\u2019ossigeno. Il sabato in questione poi \u00e8 pi\u00f9 piacevole del solito, dato che sto su un Ducato bianco alimentato a metano, decisamente diretto a Vallelunga. Ebbene s\u00ec, siamo io e Claudio (CIPI) e stiamo [&hellip;]<\/p>\n","protected":false},"author":3,"featured_media":2847,"comment_status":"closed","ping_status":"open","sticky":false,"template":"","format":"standard","meta":{"ngg_post_thumbnail":0,"footnotes":""},"categories":[6,42],"tags":[],"_links":{"self":[{"href":"http:\/\/www.animaguzzista.com\/index.php?rest_route=\/wp\/v2\/posts\/2845"}],"collection":[{"href":"http:\/\/www.animaguzzista.com\/index.php?rest_route=\/wp\/v2\/posts"}],"about":[{"href":"http:\/\/www.animaguzzista.com\/index.php?rest_route=\/wp\/v2\/types\/post"}],"author":[{"embeddable":true,"href":"http:\/\/www.animaguzzista.com\/index.php?rest_route=\/wp\/v2\/users\/3"}],"replies":[{"embeddable":true,"href":"http:\/\/www.animaguzzista.com\/index.php?rest_route=%2Fwp%2Fv2%2Fcomments&post=2845"}],"version-history":[{"count":2,"href":"http:\/\/www.animaguzzista.com\/index.php?rest_route=\/wp\/v2\/posts\/2845\/revisions"}],"predecessor-version":[{"id":3236,"href":"http:\/\/www.animaguzzista.com\/index.php?rest_route=\/wp\/v2\/posts\/2845\/revisions\/3236"}],"wp:featuredmedia":[{"embeddable":true,"href":"http:\/\/www.animaguzzista.com\/index.php?rest_route=\/wp\/v2\/media\/2847"}],"wp:attachment":[{"href":"http:\/\/www.animaguzzista.com\/index.php?rest_route=%2Fwp%2Fv2%2Fmedia&parent=2845"}],"wp:term":[{"taxonomy":"category","embeddable":true,"href":"http:\/\/www.animaguzzista.com\/index.php?rest_route=%2Fwp%2Fv2%2Fcategories&post=2845"},{"taxonomy":"post_tag","embeddable":true,"href":"http:\/\/www.animaguzzista.com\/index.php?rest_route=%2Fwp%2Fv2%2Ftags&post=2845"}],"curies":[{"name":"wp","href":"https:\/\/api.w.org\/{rel}","templated":true}]}}