{"id":3423,"date":"2010-01-09T19:46:03","date_gmt":"2010-01-09T19:46:03","guid":{"rendered":"http:\/\/www.animaguzzista.com\/?p=3423"},"modified":"2015-05-18T16:18:52","modified_gmt":"2015-05-18T16:18:52","slug":"3423","status":"publish","type":"post","link":"http:\/\/www.animaguzzista.com\/?p=3423","title":{"rendered":"Bruno Scola"},"content":{"rendered":"<p>Introduzione di Fabrizio Angelelli, Intervista di Alberto Sala<\/p>\n<p>La sua sede \u00e8 a Carate Brianza, in provincia di Milano. Chi frequenta la sua officina usa appellarla come &#8220;IL TEMPIO di Bruno Scola&#8221;.<br \/>\nLui \u00e8 una persona disponibile, simpatico e affabile.<br \/>\nQuella persona cos\u00ec amichevole era in forza al reparto esperienze della Moto Guzzi gi\u00e0 quando Lino Tonti progett\u00f2 il suo celeberrimo V7-Sport.<br \/>\nLo si vede sulle foto delle riviste di moto d&#8217;epoca insieme a personaggi come Tonti, Mandracci, Lafranconi. Quelle foto sembrano appartenere ad un&#8217;epoca lontana e invece a conoscere Bruno sembra che di tempo non ne sia passato poi tanto.<br \/>\nIn Guzzi si occupava dei motori da corsa e l&#8217;esperienza maturata in tale campo gli ha consentito di mettere a punto una miriade di parti meccaniche che oggi costituiscono un riferimento fondamentale per chiunque voglia cimentarsi nell&#8217;elaborazione anche minima di un motore Guzzi. Di queste parti ne parliamo pi\u00f9 avanti.<br \/>\nOggi Bruno \u00e8 il titolare di una concessionaria Moto Guzzi con annessa officina in cui lavora con impareggiabile abilit\u00e0 e passione Tiziano, il meccanico pi\u00f9 disponibile che abbia mai conosciuto. Nella foto sotto \u00e8 ritratto anche Davide De Martin, nostro amico, che per un breve periodo ha avuto la fortuna di essere accolto come aiutante nel tempio di Scola.<\/p>\n<div id='gallery-1' class='gallery galleryid-3423 gallery-columns-3 gallery-size-thumbnail'><figure class='gallery-item'>\n\t\t\t<div class='gallery-icon portrait'>\n\t\t\t\t<a href='http:\/\/www.animaguzzista.com\/?attachment_id=3424'><img loading=\"lazy\" decoding=\"async\" width=\"150\" height=\"150\" src=\"http:\/\/www.animaguzzista.com\/wp-content\/uploads\/2015\/05\/AnimaGuzzista-Maestri-BRUNO-SCOLA-_-150x150.jpg\" class=\"attachment-thumbnail size-thumbnail\" alt=\"\" aria-describedby=\"gallery-1-3424\" srcset=\"http:\/\/www.animaguzzista.com\/wp-content\/uploads\/2015\/05\/AnimaGuzzista-Maestri-BRUNO-SCOLA-_-150x150.jpg 150w, http:\/\/www.animaguzzista.com\/wp-content\/uploads\/2015\/05\/AnimaGuzzista-Maestri-BRUNO-SCOLA-_-100x100.jpg 100w\" sizes=\"(max-width: 150px) 100vw, 150px\" \/><\/a>\n\t\t\t<\/div>\n\t\t\t\t<figcaption class='wp-caption-text gallery-caption' id='gallery-1-3424'>\n\t\t\t\tBruno Scola\n\t\t\t\t<\/figcaption><\/figure><figure class='gallery-item'>\n\t\t\t<div class='gallery-icon landscape'>\n\t\t\t\t<a href='http:\/\/www.animaguzzista.com\/?attachment_id=3425'><img loading=\"lazy\" decoding=\"async\" width=\"150\" height=\"150\" src=\"http:\/\/www.animaguzzista.com\/wp-content\/uploads\/2015\/05\/AnimaGuzzista-Maestri-BRUNO-SCOLA-__001-150x150.jpg\" class=\"attachment-thumbnail size-thumbnail\" alt=\"\" aria-describedby=\"gallery-1-3425\" srcset=\"http:\/\/www.animaguzzista.com\/wp-content\/uploads\/2015\/05\/AnimaGuzzista-Maestri-BRUNO-SCOLA-__001-150x150.jpg 150w, http:\/\/www.animaguzzista.com\/wp-content\/uploads\/2015\/05\/AnimaGuzzista-Maestri-BRUNO-SCOLA-__001-100x100.jpg 100w\" sizes=\"(max-width: 150px) 100vw, 150px\" \/><\/a>\n\t\t\t<\/div>\n\t\t\t\t<figcaption class='wp-caption-text gallery-caption' id='gallery-1-3425'>\n\t\t\t\tDavide, Bruno e Tiziano\n\t\t\t\t<\/figcaption><\/figure><figure class='gallery-item'>\n\t\t\t<div class='gallery-icon landscape'>\n\t\t\t\t<a href='http:\/\/www.animaguzzista.com\/?attachment_id=3426'><img loading=\"lazy\" decoding=\"async\" width=\"150\" height=\"150\" src=\"http:\/\/www.animaguzzista.com\/wp-content\/uploads\/2015\/05\/AnimaGuzzista-Maestri-BRUNO-SCOLA-__002-150x150.jpg\" class=\"attachment-thumbnail size-thumbnail\" alt=\"\" aria-describedby=\"gallery-1-3426\" srcset=\"http:\/\/www.animaguzzista.com\/wp-content\/uploads\/2015\/05\/AnimaGuzzista-Maestri-BRUNO-SCOLA-__002-150x150.jpg 150w, http:\/\/www.animaguzzista.com\/wp-content\/uploads\/2015\/05\/AnimaGuzzista-Maestri-BRUNO-SCOLA-__002-300x300.jpg 300w, http:\/\/www.animaguzzista.com\/wp-content\/uploads\/2015\/05\/AnimaGuzzista-Maestri-BRUNO-SCOLA-__002-100x100.jpg 100w\" sizes=\"(max-width: 150px) 100vw, 150px\" \/><\/a>\n\t\t\t<\/div>\n\t\t\t\t<figcaption class='wp-caption-text gallery-caption' id='gallery-1-3426'>\n\t\t\t\tGoffredo Puccetti e Bruno\n\t\t\t\t<\/figcaption><\/figure>\n\t\t<\/div>\n\n<p>In occasione della nostra visita a Carate, Bruno si \u00e8 reso disponibile ad accompagnarci a visitare il museo della Moto Guzzi svelandoci una notevole quantit\u00e0 di notizie sulle moto che lui stesso ha visto nascere e ha poi cenato con noi a Mandello del Lario. Niente male come rapporto concessionario-appassionati.<\/p>\n<p>L&#8217;intervista<\/p>\n<p>Partiamo dall\u2019inizio: come \u00e8 nata la concessionaria?<\/p>\n<p>Bruno: Siamo all\u2019inizio degli anni \u201880, la situazione in Moto Guzzi non si evolve pi\u00f9, la concessionaria di Lecco, Riva -che era anche il mio ex corridore- mi ha fatto la proposta di andare a lavorare con lui in societ\u00e0 e quindi sono uscito dalla fabbrica; poi dopo due anni che sono stato con Riva mi sono messo per conto mio e tre anni dopo nell\u201987 ho aperto la concessionaria a Lecco. E l\u00ec sono stato fino al \u201994. Nel \u201893 \u00e8 morto Maurizio Valli e nel \u201894 ho ritirato la sua concessionaria.<\/p>\n<p>Con Maurizio Valli avevi gi\u00e0 un rapporto?<\/p>\n<p>Si, ci incontravamo a Mandello quasi tutte le settimane, lui veniva a prendere ricambi e quindi bene o male a Mandello ci si incontrava, pero\u2019 non ero mai stato nella sua concessionaria.<br \/>\nPoi a Lecco la situazione era diversa perch\u00e8 stava terminando il ciclo delle moto, la Guzzi non esisteva quasi pi\u00f9, le vendite erano bassissime, ma in questa zona (Carate Brianza) si vendeva ancora molto, o quantomeno fino a quando Maurizio \u00e8 morto, poi le vendite sono crollate, non per colpa sua ovviamente; per il mercato.<\/p>\n<p>Invece tu Tiziano sei qui a Carate da\u2026<\/p>\n<p>Tiziano: Ufficialmente dal 16 marzo del \u201895. Per\u00f2 in realt\u00e0 sono 15 anni che frequento. Conoscevo bene Maurizio, ho cominciato come meccanico imparando con passione con lui, mi ha dato l\u2019opportunit\u00e0 a tempo perso di dargli una mano, poi Maurizio era una persona molto simpatica, socievole, aveva visto che avevo passione, ho coltivato questa cosa finch\u00e8 ne ho avuto possibilit\u00e0, poi \u00e8 arrivato Bruno, i fatti sono stati quelli che conosciamo, Maurizio si ammal\u00f2 e poi mor\u00ec. C\u2019\u00e8 stato un anno di completo sbando di questa officina, non si sapeva bene cosa poteva accadere, se sarebbe stata chiusa\u2026 la Moto Guzzi aveva interesse che questo posto rimanesse aperto perch\u00e9 Maurizio aveva fatto un grosso lavoro, c\u2019era un consolidato giro di clienti soprattutto perch\u00e8 Maurizio aveva un grande carisma; era riuscito a creare qualcosa di particolare rispetto alle altre officine, dove tu arrivi, lasci la moto, te ne vai e non conosci, non sai cosa fanno sulla tua moto. Maurizio aveva creato l\u2019esatto opposto: tu arrivi, ti fai la tua chiacchierata, magari ti faceva la riparazione al volo; poi lui aveva creato il suo motoclub. C\u2019era veramente un giro di amici; pi\u00f9 che clienti amici.Dopodich\u00e8 Bruno \u00e8 arrivato, e aveva bisogno di una persona che in qualche modo conoscesse tutta la vecchia clientela di Maurizio, che fosse comunque conosciuto e che magari era anche capace di lavorare su queste benedette Guzzi! Mi ha proposto di venire a lavorare con lui e ho accettato. Siamo riusciti in tutti questi anni a recuperare tutta la vecchia clientela di Maurizio che si era persa in tutta la Brianza e in pi\u00f9 si \u00e8 aggiunta in parte anche la sua clientela di Lecco. Abbiamo continuato su questa linea perch\u00e8 pagava; abbiamo mantenuto questo ambiente, abbiamo continuato col motoclub; abbiamo continuato quello che Maurizio aveva cominciato bene.<\/p>\n<div id='gallery-2' class='gallery galleryid-3423 gallery-columns-3 gallery-size-thumbnail'><figure class='gallery-item'>\n\t\t\t<div class='gallery-icon landscape'>\n\t\t\t\t<a href='http:\/\/www.animaguzzista.com\/?attachment_id=3427'><img loading=\"lazy\" decoding=\"async\" width=\"150\" height=\"150\" src=\"http:\/\/www.animaguzzista.com\/wp-content\/uploads\/2015\/05\/AnimaGuzzista-Maestri-BRUNO-SCOLA-__003-150x150.jpg\" class=\"attachment-thumbnail size-thumbnail\" alt=\"\" srcset=\"http:\/\/www.animaguzzista.com\/wp-content\/uploads\/2015\/05\/AnimaGuzzista-Maestri-BRUNO-SCOLA-__003-150x150.jpg 150w, http:\/\/www.animaguzzista.com\/wp-content\/uploads\/2015\/05\/AnimaGuzzista-Maestri-BRUNO-SCOLA-__003-300x300.jpg 300w, http:\/\/www.animaguzzista.com\/wp-content\/uploads\/2015\/05\/AnimaGuzzista-Maestri-BRUNO-SCOLA-__003-100x100.jpg 100w\" sizes=\"(max-width: 150px) 100vw, 150px\" \/><\/a>\n\t\t\t<\/div><\/figure><figure class='gallery-item'>\n\t\t\t<div class='gallery-icon landscape'>\n\t\t\t\t<a href='http:\/\/www.animaguzzista.com\/?attachment_id=3428'><img loading=\"lazy\" decoding=\"async\" width=\"150\" height=\"150\" src=\"http:\/\/www.animaguzzista.com\/wp-content\/uploads\/2015\/05\/AnimaGuzzista-Maestri-BRUNO-SCOLA-__004-150x150.jpg\" class=\"attachment-thumbnail size-thumbnail\" alt=\"\" srcset=\"http:\/\/www.animaguzzista.com\/wp-content\/uploads\/2015\/05\/AnimaGuzzista-Maestri-BRUNO-SCOLA-__004-150x150.jpg 150w, http:\/\/www.animaguzzista.com\/wp-content\/uploads\/2015\/05\/AnimaGuzzista-Maestri-BRUNO-SCOLA-__004-300x300.jpg 300w, http:\/\/www.animaguzzista.com\/wp-content\/uploads\/2015\/05\/AnimaGuzzista-Maestri-BRUNO-SCOLA-__004-100x100.jpg 100w\" sizes=\"(max-width: 150px) 100vw, 150px\" \/><\/a>\n\t\t\t<\/div><\/figure><figure class='gallery-item'>\n\t\t\t<div class='gallery-icon portrait'>\n\t\t\t\t<a href='http:\/\/www.animaguzzista.com\/?attachment_id=3429'><img loading=\"lazy\" decoding=\"async\" width=\"150\" height=\"150\" src=\"http:\/\/www.animaguzzista.com\/wp-content\/uploads\/2015\/05\/AnimaGuzzista-Maestri-BRUNO-SCOLA-__005-150x150.jpg\" class=\"attachment-thumbnail size-thumbnail\" alt=\"\" srcset=\"http:\/\/www.animaguzzista.com\/wp-content\/uploads\/2015\/05\/AnimaGuzzista-Maestri-BRUNO-SCOLA-__005-150x150.jpg 150w, http:\/\/www.animaguzzista.com\/wp-content\/uploads\/2015\/05\/AnimaGuzzista-Maestri-BRUNO-SCOLA-__005-300x300.jpg 300w, http:\/\/www.animaguzzista.com\/wp-content\/uploads\/2015\/05\/AnimaGuzzista-Maestri-BRUNO-SCOLA-__005-100x100.jpg 100w\" sizes=\"(max-width: 150px) 100vw, 150px\" \/><\/a>\n\t\t\t<\/div><\/figure>\n\t\t<\/div>\n\n<p>Quando \u00e8 nata comunque la concessionaria? Cio\u00e8 quand\u2019\u00e8 che l\u2019ha aperta Maurizio?<\/p>\n<p>Questa concessionaria \u00e8 vecchissima. Prima di Maurizio c\u2019era suo padre Antonio \u2018Kitty\u2019 che era con suo fratello. Oltretutto questa non era solo concessionaria Guzzi ma anche Morini, MV, Benelli: tutte marche italiane. Dopodich\u00e8\u2026<\/p>\n<p>Ma quindi si parla di primi anni \u201970\u2026<\/p>\n<p>Si. Prima c\u2019era Manzoni, a cui \u00e8 subentrato Kitty. Io e i vecchi clienti di Maurizio lo conoscevamo come il Kitty.<\/p>\n<p>Ecco spiegata la dedica sul quadro del Bol d\u2019Or con Bruno che capeggia in negozio\u2026<\/p>\n<p>Esatto. Maurizio fra virgolette rilev\u00f2 la concessionaria intorno alla fine degli anni \u201880 dal padre. In realt\u00e0 lui era comunque qui da parecchio. Mi ricordo che ho preso qui la mia prima moto, un Imola prima serie nel \u201886, che ho tenuto tre mesi perch\u00e9 andava troppo piano, poi ho preso un Lario, e cos\u00ec via\u2026<br \/>\nComunque questa \u00e8 una concessionaria veramente storica. Questo \u00e8 un punto di riferimento per parecchia gente che arriva da tutta la Brianza e anche da molto pi\u00f9 lontano: anche tedeschi, svizzeri, olandesi, poi spesso arrivano moto da sistemare e restaurare dal sud Italia. Insomma il giro \u00e8 ampio. Bruno \u00e8 molto conosciuto.<br \/>\nInsomma, questa \u00e8 la concessionaria. Qui, lo sai anche tu, al sabato pomeriggio c\u2019\u00e8 sempre come un piccolo raduno, arriva gente del motoclub, amici, parenti, si beve un bicchiere di vino\u2026<\/p>\n<p>E\u2019 una impostazione che c\u2019\u00e8 sempre stata.<\/p>\n<p>Si, da quando c\u2019era Maurizio, e Bruno non ha fatto nessuna fatica a mantenere; anche lui nella sua officina a Lecco tendeva ad avere i clienti che attendevano la moto, magari nel frattempo ti faceva smontare i coperchi delle valvole\u2026 si coinvolgeva e si coinvolge tuttora il cliente. Ci sono vari clienti del motoclub che hanno passato del tempo qui a fare tirocinio, vedi Davide De Martin, vedi Luca Giordano, che nei periodi \u2018neri\u2019 della loro vita, in cui non avevano lavoro, o magari dovevano dare tesi di laurea, esami, ecc. imparavano qualcosa e guadagnavano qualcosa nel frattempo. Si faceva anche questo, anzi si fa tuttora. In alta stagione vale tutto!<\/p>\n<p>Tornando ancora indietro nel tempo, Bruno al momento in cui sei uscito dalla Guzzi oltre alla concessionaria hai iniziato a produrre parti speciali\u2026<\/p>\n<p>Bruno: Li producevo gi\u00e0 prima di uscire dalla Guzzi. Avevo la squadra corse privata; quando la Guzzi alla fine del \u201872, dopo il Bol d\u2019Or ha chiuso con le corse perch\u00e9 \u00e8 arrivato DeTomaso io ho proseguito con alcuni collaudatori della Guzzi una squadra corse che ci mantenevamo facendo elaborazioni sui V7 Sport trasformandoli in LeMans, fino a tutti gli anni \u201880; ho fatto le teste del LeMans nel \u201876, con motore da 100 CV, nel \u201881 ho fatto le altre teste con valvole 51-43 con 110 cv.<\/p>\n<p>Nel 76 il LeMans era appena prodotto\u2026<\/p>\n<p>Certo. Il LeMans 850 era in produzione da un anno. Il 1000 LeMans in pratica l\u2019ho inventato io.<\/p>\n<p>Ma come ti spieghi una attesa di tre anni sulla messa in produzione del LeMans?<\/p>\n<p>Ho vissuto questo frangente in prima persona. Doveva entrare in produzione dopo averla testata a Monza, ma DeTomaso, avendo acquistato Benelli voleva dare avvio alla produzione dei pluricilindrici (4 e 6 cilindri). Lui credeva in questa formula e ha accantonato sia LeMans che T3. Poi visto che i 4 cilindri non decollavano, anche perch\u00e9 la Honda li faceva meglio e ha deciso dopo tre anni di mettere il LeMans in produzione. Noi comunque come preparatori nel frattempo ne avevamo fatti una cinquantina di motori del LeMans.<\/p>\n<p>Destinati solo a competizioni, o anche per uso stradale?<\/p>\n<p>Anche per uso stradale; si prendeva un V7 Sport e lo trasformavamo in LeMans; si prendeva l\u2019albero motore del 850 GT che era cilindrico (non esisteva ancora il T), si modificava la parte anteriore del rotore dell\u2019alternatore e si montava. Eravamo in anticipo di anni.<\/p>\n<p>Dopo il Bol d\u2019Or del \u201872 non ci sono state pi\u00f9 occasioni di fare gare\u2026<\/p>\n<p>Ufficialmente come Moto Guzzi no. Noi abbiamo continuato privatamente e siamo sempre stati protagonisti per 3-4 anni delle 24 ore; eravamo un equipaggio che si piazzava sempre dal 3\u00b0 al 6\u00b0 posto e quindi non tanto per partecipare; eravamo rispettati dagli avversari e ammirati dai guzzisti in giro per l\u2019Europa; poi in Francia era impressionante vedere la passione per le Guzzi e per la 24 ore.<\/p>\n<p>Chi erano i piloti?<\/p>\n<p>Brambilla, Mandracci, Sciaresa e Riva Raimondo per le 24 ore e per le 500 km che si svolgevano con le moto derivate di serie. Poi passata la stagione ufficiale i piloti erano Riva, Gazzola, e poi pi\u00f9 avanti Macchi. I circuiti erano LeMans e Barcellona sul Montjuich. Poi i giapponesi cominciarono ad uscire con i 4 valvole bialbero a camme in testa e il divario aumentava. Comunque con il motore da 100 CV stavamo tra il 3\u00b0 e il 6\u00b0 posto.<\/p>\n<p>Fino a quando avete corso?<\/p>\n<p>Fino all\u201981. Valentini con un team a cui fornivo le parti del motore 1100 da 108 CV. Si piazzavano ancora molto bene, per una moto che ciclisticamente era ferma ai due ammortizzatori mentre gli altri cominciavano col monoammortizzatore, ecc. La moto per\u00f2 in fondo era svantaggiata solo a Le Castellet\u2026<\/p>\n<p>Per via di quel rettilineo\u2026<\/p>\n<p>L\u00ec ci volevano tanti cavalli, per\u00f2 negli altri circuiti si difendeva bene, tant\u2019\u00e8 vero che hanno fatto due stagioni positive.<br \/>\nPoi pi\u00f9 avanti ci sono state le gare F1 e ancora le 500 km col 750 e l\u00ec si combatteva con la Ducati e i loro piloti erano del calibro di Virginio Ferrari, e noi eravamo un po\u2019 gli eterni secondi, ma non \u00e8 che si prendevano 5 minuti: si arrivava con un minuto, un minuto e mezzo di distacco su una gara di 500 km, dove basta fermarsi a cambiare una candela che hai perso la gara. Eravamo rispettati dai ducatisti, perch\u00e9 riconoscevano il nostro motore come veramente potente; si chiedevano come facevamo a far camminare una moto che \u00e8 pesante; poi quel motore l\u00ec\u2026 loro avevano 80-85 CV, noi 100. E nel 750 eravamo handicappati nella ciclistica, ma il motore ci dava grosse soddisfazioni; poi i piloti nostri non erano certo i vari Ferrari, per\u00f2 si difendevano bene.<\/p>\n<p>100 e passa cavalli cambiando cosa?<\/p>\n<p>Il diametro valvole, e il salto era di 10 CV. Poi aumentando la cilindrata. A parte che ai 100 CV ci eravamo arrivati anche con le valvole del 1000 LeMans, aumentando a 1100, per\u00f2 dava 100-101 CV; con l\u2019altro invece 110, e pi\u00f9 avanti con le bielle allungate e mettendo pistoni a 2 fasce invece che 3 siamo arrivati a 112-114. Poi ovviamente alberi a camme modificati, alleggerimenti, \u2026 Una parte del kit era quello di serie, le varie camme RS, KS, che a seconda dei circuiti se ne usava una o l\u2019altra. Se avevi bisogno di ripresa montavi il KS; se invece il circuito era lungo come LeMans o il Mugello mettevi l\u2019RS. C\u2019era un alleggerimento di base che risaliva al \u201872-\u201873; il resto, la parte termica ogni tanto aveva modifiche, frenate pi\u00f9 dai costi che altro; le bielle Carrillo per esempio costavano 1 milione e mezzo; i pistoni speciali a due fasce andavano fatti fare apposta.<\/p>\n<p>Comunque tutte queste parti, tolte le bielle Carrillo, le facevi fare tu\u2026<\/p>\n<p>Si, certo, tutte mie progettazioni, datate \u201881 per le valvole da 51\/43, e \u201876 per le valvole da 47\/40 che sono quelle del 1000 LeMans, che poi il Dr. John, che allora non mi conosceva, ma che operava nel team Rino Leoni in America utilizzava gi\u00e0 le teste che il mio capo progettista Tonti aveva fatto fare a me per le gare in America; per tre anni ha vinto con Mike Baldwin il campionato Pro-AMA con motori da 100 cv. Sui circuiti lenti usavano le teste originali del LeMans, ma con le camme per far girare in alto il motore; poi Baldwin era un pilota capace di farlo camminare in alto. Io invece preferivo sia per le 24 ore che per il resto camme che sfruttassero tutto il campo. Le teste pi\u00f9 grosse le usavano solo sui circuiti pi\u00f9 veloci. E cos\u00ec fino all\u201987, quando ha vinto l\u2019ultimo campionato col 2 valvole, ma gi\u00e0 col telaio tipo Daytona. Poi personalmente conobbi il Dr. John nel \u201883 in fiera presentato sempre da Rino Leoni. E loro mi dicevano di andare in America, dove il titanio si trova dal ferramenta, e non ne devi mica comprare un quintale come qui\u2026<\/p>\n<p>Affidabilit\u00e0 sui motori da gara?<\/p>\n<p>Se tu tieni presente che dovevano durare 24 ore\u2026 Praticamente io ho svolto per la Guzzi quelle operazioni che dovevano svolgere i loro collaudatori. Il 1000 LeMans \u00e8 uscito nel \u201885. Noi lo usavamo da otto anni per le gare. Poi loro dicevano: ah, voi dopo ogni gara cambiate pistoni e cilindri, rettificate valvole\u2026, beh certo, ma fare una 24 ore vuol dire fare almeno 2500 km a manetta a 8000 giri, quand\u2019\u00e8 che un vostro collaudatore fa queste cose su strada? In pratica i motori nascevano gi\u00e0 testati. La 24 ore era un banco prova per tutti. Difatti loro quando hanno fatto il 1100 c\u2019erano resistenze interne, ma poi constatavano che c\u2019era qualcuno che da una vita correva col motore da pi\u00f9 di 100 CV! Poi siamo passati a bielle pi\u00f9 lunghe per diminuire il carico laterale di spinta. La differenza di potenza oltre i 100 CV era data da queste bielle che riducevano gli attriti.<\/p>\n<p>Invece quanto hai avuto modo di vedere la nascita del 4 valvole 1000?<\/p>\n<p>Beh, in Guzzi gi\u00e0 dall\u201986 avevano fatto il 4 valvole, che per\u00f2 era quello del museo\u2026<\/p>\n<p>Quello con le teste \u2018girate\u2019\u2026<\/p>\n<p>Con le teste giuste! Solo che hanno fatto un \u2018monumento\u2019. La scelta poi definitiva \u00e8 stata dettata in pratica da questioni \u2018estetiche\u2019. A parte il fatto che fare due alberi a camme in testa\u2026 che so, la Ducati li ha fatti belli, non capisco perch\u00e9 in Guzzi\u2026<\/p>\n<p>Ma quindi la nascita del 4 valvole \u00e8 stata indipendente dall\u2019esperienza di John Whittner.<\/p>\n<p>Esatto. Era un motore tra l\u2019altro che subito dava gi\u00e0 96-97 CV, era un bel motore, pieno di coppia, poi ancora tutto da sviluppare, andava a carburatori, non c\u2019era ancora l\u2019iniezione, insomma, potenzialmente era un motore da 100 CV subito, per\u00f2 esteticamente era proprio poco valido.<\/p>\n<p>Era un parto di Todero\u2026<\/p>\n<p>Esattamente. Il seguente invece non so, perch\u00e9 in pratica \u00e8 arrivato da Modena, non so quanto Todero ci abbia messo come progettazione; \u00e8 stato fatto in collaborazione col Dr. John, questo s\u00ec. \u2026esteticamente \u00e8 un po\u2019 meglio, ma si perde della gran potenza\u2026<br \/>\nPrima di questo era bello il progetto del 4 cilindri a V. Quello era uno studio da portare avanti; al limite si poteva stringere un pochettino, ma l\u2019abbiamo fatto prima che la Honda facesse la PanEuropean.<\/p>\n<p>Tornando ad oggi: come vedete la situazione attuale, con l\u2019Aprilia?<\/p>\n<p>Tiziano: Beh, l\u2019Aprilia sta passando un brutto momento, e purtroppo ne fa le spese anche la Guzzi; adesso che sono passati i due anni \u2018fisiologici\u2019 (si subentra in azienda, si mettono a posto bene le cose, si sistema la gamma per come doveva essere fatto), \u00e8 il momento in cui bisogna far vedere qualcosa; il prossimo anno dovrebbe essere l\u2019anno in cui si dovrebbe vedere una moto nuova, o modifiche sostanziali sulla ciclistica, sul motore, ecc, e invece sembra si possa rischiare un altro momento di stallo, perch\u00e9 l\u2019Aprilia, che \u00e8 un\u2019azienda che produce moto ma sappiamo tutti che vive sugli scooter ha avuto un grosso problema; ha un invenduto pesante che penalizza l\u2019azienda; probabilmente in Aprilia non hanno previsto che il settore scooter si sarebbe ridimensionato in modo pi\u00f9 pesante. La situazione \u00e8 che ora stanno rivedendo ogni investimento; comunque la Moto Guzzi quest\u2019anno bene o male ha venduto il 20% in pi\u00f9 dell\u2019anno scorso. Si \u00e8 visto comunque anche in fiera un certo entusiasmo anche da parte del pubblico; la gente ci crede ancora in questo marchio. Speriamo bene: Aprilia per ora non si \u00e8 comportata come gli americani, la Finprogetti, eccetera, che venivano, promettevano, e poi invece non si vedeva mai nulla.<br \/>\nBruno: Diciamo che stiamo ancora attendendo.<\/p>\n<p>Tiziano: Beh, certo le cose non sono semplici. Ad esempio uno degli errori grossi che fece DeTomaso fu rilevare la Benelli. Ci siamo tirati in casa un peso togliendo soldi allo sviluppo, a tutto. Siamo rimasti fermi anche grazie a questa manovra. Poi, certo, abbiamo ancora alcuni settori scoperti: tutti si sono accorti che in Moto Guzzi ormai da anni mancano modelli turistici; l\u2019SPIII non ha avuto mai un degno successore, la V11Gt era stata presentata a Monaco 4 anni fa, poi? Era una moto che poteva farci rientrare in un settore che era nostro. Continuamo a cedere un settore a altri. Comunque siamo tutti fiduciosi: quello che si capta \u00e8 che se Aprilia in questo anno riesce a rilanciarsi sicuramente Guzzi avr\u00e0 i suoi vantaggi.<\/p>\n<p>&nbsp;<\/p>\n<p>BRUNO SCOLA<br \/>\nPer informazioni: info@scolabruno.com<br \/>\nIl sito di Bruno: www.scolabruno.com<\/p>\n","protected":false},"excerpt":{"rendered":"<p>Introduzione di Fabrizio Angelelli, Intervista di Alberto Sala La sua sede \u00e8 a Carate Brianza, in provincia di Milano. Chi frequenta la sua officina usa appellarla come &#8220;IL TEMPIO di Bruno Scola&#8221;. Lui \u00e8 una persona disponibile, simpatico e affabile. Quella persona cos\u00ec amichevole era in forza al reparto esperienze della Moto Guzzi gi\u00e0 quando [&hellip;]<\/p>\n","protected":false},"author":3,"featured_media":3424,"comment_status":"closed","ping_status":"open","sticky":false,"template":"","format":"standard","meta":{"ngg_post_thumbnail":0,"footnotes":""},"categories":[21,10],"tags":[],"_links":{"self":[{"href":"http:\/\/www.animaguzzista.com\/index.php?rest_route=\/wp\/v2\/posts\/3423"}],"collection":[{"href":"http:\/\/www.animaguzzista.com\/index.php?rest_route=\/wp\/v2\/posts"}],"about":[{"href":"http:\/\/www.animaguzzista.com\/index.php?rest_route=\/wp\/v2\/types\/post"}],"author":[{"embeddable":true,"href":"http:\/\/www.animaguzzista.com\/index.php?rest_route=\/wp\/v2\/users\/3"}],"replies":[{"embeddable":true,"href":"http:\/\/www.animaguzzista.com\/index.php?rest_route=%2Fwp%2Fv2%2Fcomments&post=3423"}],"version-history":[{"count":2,"href":"http:\/\/www.animaguzzista.com\/index.php?rest_route=\/wp\/v2\/posts\/3423\/revisions"}],"predecessor-version":[{"id":3982,"href":"http:\/\/www.animaguzzista.com\/index.php?rest_route=\/wp\/v2\/posts\/3423\/revisions\/3982"}],"wp:featuredmedia":[{"embeddable":true,"href":"http:\/\/www.animaguzzista.com\/index.php?rest_route=\/wp\/v2\/media\/3424"}],"wp:attachment":[{"href":"http:\/\/www.animaguzzista.com\/index.php?rest_route=%2Fwp%2Fv2%2Fmedia&parent=3423"}],"wp:term":[{"taxonomy":"category","embeddable":true,"href":"http:\/\/www.animaguzzista.com\/index.php?rest_route=%2Fwp%2Fv2%2Fcategories&post=3423"},{"taxonomy":"post_tag","embeddable":true,"href":"http:\/\/www.animaguzzista.com\/index.php?rest_route=%2Fwp%2Fv2%2Ftags&post=3423"}],"curies":[{"name":"wp","href":"https:\/\/api.w.org\/{rel}","templated":true}]}}