{"id":3560,"date":"2015-05-12T15:01:35","date_gmt":"2015-05-12T15:01:35","guid":{"rendered":"http:\/\/www.animaguzzista.com\/?p=3560"},"modified":"2016-03-29T15:32:08","modified_gmt":"2016-03-29T15:32:08","slug":"calincontro-garganico-1-3-maggio-2015-nello","status":"publish","type":"post","link":"http:\/\/www.animaguzzista.com\/?p=3560","title":{"rendered":"Calincontro garganico, 1-3 maggio 2015, Nello"},"content":{"rendered":"<p>Il mio Calincontro quest&#8217;anno comincia con un giorno di anticipo sul solito, parto di mercoled\u00ec e sperando nel bel tempo cercher\u00f2 di visitare qualche museo e centro storico che ho messo in agenda.<\/p>\n<p>Parto in ritardo, ma decido lo stesso di fare il passo di Forca d&#8217;Acero per poi scendere verso Villetta Barrea e Isernia. Quando arrivo sul posto mi rendo conto che il passo \u00e8 in nube e piove, cos\u00ec tiro dritto per Atina. La strada la facevo abitualmente tanti anni f\u00e0, la ritrovo uguale, molto verde, poco traffico, e un sacco di autovelox fasulli &#8230;<br \/>\nIl valico per Isernia \u00e8 bello, per\u00f2 la strada tortuosa e l&#8217;asfalto molto sporco lo rendono particolarmente lento.<\/p>\n<div id='gallery-1' class='gallery galleryid-3560 gallery-columns-4 gallery-size-thumbnail'><figure class='gallery-item'>\n\t\t\t<div class='gallery-icon landscape'>\n\t\t\t\t<a href='http:\/\/www.animaguzzista.com\/?attachment_id=3563'><img loading=\"lazy\" decoding=\"async\" width=\"150\" height=\"150\" src=\"http:\/\/www.animaguzzista.com\/wp-content\/uploads\/2015\/05\/Lago-Selva-Atina-2-150x150.jpg\" class=\"attachment-thumbnail size-thumbnail\" alt=\"\" aria-describedby=\"gallery-1-3563\" srcset=\"http:\/\/www.animaguzzista.com\/wp-content\/uploads\/2015\/05\/Lago-Selva-Atina-2-150x150.jpg 150w, http:\/\/www.animaguzzista.com\/wp-content\/uploads\/2015\/05\/Lago-Selva-Atina-2-300x300.jpg 300w, http:\/\/www.animaguzzista.com\/wp-content\/uploads\/2015\/05\/Lago-Selva-Atina-2-100x100.jpg 100w\" sizes=\"(max-width: 150px) 100vw, 150px\" \/><\/a>\n\t\t\t<\/div>\n\t\t\t\t<figcaption class='wp-caption-text gallery-caption' id='gallery-1-3563'>\n\t\t\t\tLago Selva\n\t\t\t\t<\/figcaption><\/figure><figure class='gallery-item'>\n\t\t\t<div class='gallery-icon landscape'>\n\t\t\t\t<a href='http:\/\/www.animaguzzista.com\/?attachment_id=3566'><img loading=\"lazy\" decoding=\"async\" width=\"150\" height=\"150\" src=\"http:\/\/www.animaguzzista.com\/wp-content\/uploads\/2015\/05\/Lago-Selva-Atina-150x150.jpg\" class=\"attachment-thumbnail size-thumbnail\" alt=\"\" srcset=\"http:\/\/www.animaguzzista.com\/wp-content\/uploads\/2015\/05\/Lago-Selva-Atina-150x150.jpg 150w, http:\/\/www.animaguzzista.com\/wp-content\/uploads\/2015\/05\/Lago-Selva-Atina-300x300.jpg 300w, http:\/\/www.animaguzzista.com\/wp-content\/uploads\/2015\/05\/Lago-Selva-Atina-100x100.jpg 100w\" sizes=\"(max-width: 150px) 100vw, 150px\" \/><\/a>\n\t\t\t<\/div><\/figure><figure class='gallery-item'>\n\t\t\t<div class='gallery-icon landscape'>\n\t\t\t\t<a href='http:\/\/www.animaguzzista.com\/?attachment_id=3564'><img loading=\"lazy\" decoding=\"async\" width=\"150\" height=\"150\" src=\"http:\/\/www.animaguzzista.com\/wp-content\/uploads\/2015\/05\/Lago-Selva-Atina-4-150x150.jpg\" class=\"attachment-thumbnail size-thumbnail\" alt=\"\" aria-describedby=\"gallery-1-3564\" srcset=\"http:\/\/www.animaguzzista.com\/wp-content\/uploads\/2015\/05\/Lago-Selva-Atina-4-150x150.jpg 150w, http:\/\/www.animaguzzista.com\/wp-content\/uploads\/2015\/05\/Lago-Selva-Atina-4-300x300.jpg 300w, http:\/\/www.animaguzzista.com\/wp-content\/uploads\/2015\/05\/Lago-Selva-Atina-4-100x100.jpg 100w\" sizes=\"(max-width: 150px) 100vw, 150px\" \/><\/a>\n\t\t\t<\/div>\n\t\t\t\t<figcaption class='wp-caption-text gallery-caption' id='gallery-1-3564'>\n\t\t\t\tValico Isernia\n\t\t\t\t<\/figcaption><\/figure><figure class='gallery-item'>\n\t\t\t<div class='gallery-icon landscape'>\n\t\t\t\t<a href='http:\/\/www.animaguzzista.com\/?attachment_id=3565'><img loading=\"lazy\" decoding=\"async\" width=\"150\" height=\"150\" src=\"http:\/\/www.animaguzzista.com\/wp-content\/uploads\/2015\/05\/Lago-Selva-Atina-5-150x150.jpg\" class=\"attachment-thumbnail size-thumbnail\" alt=\"\" srcset=\"http:\/\/www.animaguzzista.com\/wp-content\/uploads\/2015\/05\/Lago-Selva-Atina-5-150x150.jpg 150w, http:\/\/www.animaguzzista.com\/wp-content\/uploads\/2015\/05\/Lago-Selva-Atina-5-300x300.jpg 300w, http:\/\/www.animaguzzista.com\/wp-content\/uploads\/2015\/05\/Lago-Selva-Atina-5-100x100.jpg 100w\" sizes=\"(max-width: 150px) 100vw, 150px\" \/><\/a>\n\t\t\t<\/div><\/figure>\n\t\t<\/div>\n\n<p>Nel pomeriggio sono vicino Campobasso , panino al sacco e rotta verso il Gargano per la strada pi\u00f9 veloce che finisce a Termoli, la SS647, con vista sul lago di Guardialfiera. Anche la strada che scende a Vieste costeggiando il laghi di L\u00e8sina e Varano offre bei panorami. Mi affido a google maps per arrivare al campeggio San Pablo, per\u00f2 invece della direzione per Vieste, che credevo ovvia, mi fa andare dalla direzione opposta, poi altre strade, poi &#8230; una simpatica la stradina nella jungla, anche breve tutto sommato, per\u00f2 quando il pulman turistico mi ha fermato per sapere se andava bene per l&#8217;autostrada mi sono preoccupato.<br \/>\nArrivo in campeggio, checkin, allestimento tenda, doccia e ripartenza per Vieste per il girello turistico<\/p>\n<div id='gallery-2' class='gallery galleryid-3560 gallery-columns-4 gallery-size-thumbnail'><figure class='gallery-item'>\n\t\t\t<div class='gallery-icon landscape'>\n\t\t\t\t<a href='http:\/\/www.animaguzzista.com\/?attachment_id=3568'><img loading=\"lazy\" decoding=\"async\" width=\"150\" height=\"150\" src=\"http:\/\/www.animaguzzista.com\/wp-content\/uploads\/2015\/05\/Gargano-Lago-di-Varano2-150x150.jpg\" class=\"attachment-thumbnail size-thumbnail\" alt=\"\" srcset=\"http:\/\/www.animaguzzista.com\/wp-content\/uploads\/2015\/05\/Gargano-Lago-di-Varano2-150x150.jpg 150w, http:\/\/www.animaguzzista.com\/wp-content\/uploads\/2015\/05\/Gargano-Lago-di-Varano2-300x300.jpg 300w, http:\/\/www.animaguzzista.com\/wp-content\/uploads\/2015\/05\/Gargano-Lago-di-Varano2-100x100.jpg 100w\" sizes=\"(max-width: 150px) 100vw, 150px\" \/><\/a>\n\t\t\t<\/div><\/figure><figure class='gallery-item'>\n\t\t\t<div class='gallery-icon portrait'>\n\t\t\t\t<a href='http:\/\/www.animaguzzista.com\/?attachment_id=3567'><img loading=\"lazy\" decoding=\"async\" width=\"150\" height=\"150\" src=\"http:\/\/www.animaguzzista.com\/wp-content\/uploads\/2015\/05\/Gargano-Campeggio-San-Pablo1-150x150.jpg\" class=\"attachment-thumbnail size-thumbnail\" alt=\"\" srcset=\"http:\/\/www.animaguzzista.com\/wp-content\/uploads\/2015\/05\/Gargano-Campeggio-San-Pablo1-150x150.jpg 150w, http:\/\/www.animaguzzista.com\/wp-content\/uploads\/2015\/05\/Gargano-Campeggio-San-Pablo1-300x300.jpg 300w, http:\/\/www.animaguzzista.com\/wp-content\/uploads\/2015\/05\/Gargano-Campeggio-San-Pablo1-100x100.jpg 100w\" sizes=\"(max-width: 150px) 100vw, 150px\" \/><\/a>\n\t\t\t<\/div><\/figure><figure class='gallery-item'>\n\t\t\t<div class='gallery-icon portrait'>\n\t\t\t\t<a href='http:\/\/www.animaguzzista.com\/?attachment_id=3569'><img loading=\"lazy\" decoding=\"async\" width=\"150\" height=\"150\" src=\"http:\/\/www.animaguzzista.com\/wp-content\/uploads\/2015\/05\/Calincontro-Garganico-2015-Nello-Calincontro-Garganico-2015-Vieste-001-150x150.jpg\" class=\"attachment-thumbnail size-thumbnail\" alt=\"\" srcset=\"http:\/\/www.animaguzzista.com\/wp-content\/uploads\/2015\/05\/Calincontro-Garganico-2015-Nello-Calincontro-Garganico-2015-Vieste-001-150x150.jpg 150w, http:\/\/www.animaguzzista.com\/wp-content\/uploads\/2015\/05\/Calincontro-Garganico-2015-Nello-Calincontro-Garganico-2015-Vieste-001-300x300.jpg 300w, http:\/\/www.animaguzzista.com\/wp-content\/uploads\/2015\/05\/Calincontro-Garganico-2015-Nello-Calincontro-Garganico-2015-Vieste-001-100x100.jpg 100w\" sizes=\"(max-width: 150px) 100vw, 150px\" \/><\/a>\n\t\t\t<\/div><\/figure><figure class='gallery-item'>\n\t\t\t<div class='gallery-icon portrait'>\n\t\t\t\t<a href='http:\/\/www.animaguzzista.com\/?attachment_id=3570'><img loading=\"lazy\" decoding=\"async\" width=\"150\" height=\"150\" src=\"http:\/\/www.animaguzzista.com\/wp-content\/uploads\/2015\/05\/Calincontro-Garganico-2015-Nello-Calincontro-Garganico-2015-Vieste-002-150x150.jpg\" class=\"attachment-thumbnail size-thumbnail\" alt=\"\" srcset=\"http:\/\/www.animaguzzista.com\/wp-content\/uploads\/2015\/05\/Calincontro-Garganico-2015-Nello-Calincontro-Garganico-2015-Vieste-002-150x150.jpg 150w, http:\/\/www.animaguzzista.com\/wp-content\/uploads\/2015\/05\/Calincontro-Garganico-2015-Nello-Calincontro-Garganico-2015-Vieste-002-300x300.jpg 300w, http:\/\/www.animaguzzista.com\/wp-content\/uploads\/2015\/05\/Calincontro-Garganico-2015-Nello-Calincontro-Garganico-2015-Vieste-002-100x100.jpg 100w\" sizes=\"(max-width: 150px) 100vw, 150px\" \/><\/a>\n\t\t\t<\/div><\/figure><figure class='gallery-item'>\n\t\t\t<div class='gallery-icon portrait'>\n\t\t\t\t<a href='http:\/\/www.animaguzzista.com\/?attachment_id=3571'><img loading=\"lazy\" decoding=\"async\" width=\"150\" height=\"150\" src=\"http:\/\/www.animaguzzista.com\/wp-content\/uploads\/2015\/05\/Calincontro-Garganico-2015-Nello-Calincontro-Garganico-2015-Vieste-003-150x150.jpg\" class=\"attachment-thumbnail size-thumbnail\" alt=\"\" srcset=\"http:\/\/www.animaguzzista.com\/wp-content\/uploads\/2015\/05\/Calincontro-Garganico-2015-Nello-Calincontro-Garganico-2015-Vieste-003-150x150.jpg 150w, http:\/\/www.animaguzzista.com\/wp-content\/uploads\/2015\/05\/Calincontro-Garganico-2015-Nello-Calincontro-Garganico-2015-Vieste-003-300x300.jpg 300w, http:\/\/www.animaguzzista.com\/wp-content\/uploads\/2015\/05\/Calincontro-Garganico-2015-Nello-Calincontro-Garganico-2015-Vieste-003-100x100.jpg 100w\" sizes=\"(max-width: 150px) 100vw, 150px\" \/><\/a>\n\t\t\t<\/div><\/figure><figure class='gallery-item'>\n\t\t\t<div class='gallery-icon portrait'>\n\t\t\t\t<a href='http:\/\/www.animaguzzista.com\/?attachment_id=3573'><img loading=\"lazy\" decoding=\"async\" width=\"150\" height=\"150\" src=\"http:\/\/www.animaguzzista.com\/wp-content\/uploads\/2015\/05\/Calincontro-Garganico-2015-Nello-Calincontro-Garganico-2015-Vieste-005-150x150.jpg\" class=\"attachment-thumbnail size-thumbnail\" alt=\"\" srcset=\"http:\/\/www.animaguzzista.com\/wp-content\/uploads\/2015\/05\/Calincontro-Garganico-2015-Nello-Calincontro-Garganico-2015-Vieste-005-150x150.jpg 150w, http:\/\/www.animaguzzista.com\/wp-content\/uploads\/2015\/05\/Calincontro-Garganico-2015-Nello-Calincontro-Garganico-2015-Vieste-005-300x300.jpg 300w, http:\/\/www.animaguzzista.com\/wp-content\/uploads\/2015\/05\/Calincontro-Garganico-2015-Nello-Calincontro-Garganico-2015-Vieste-005-100x100.jpg 100w\" sizes=\"(max-width: 150px) 100vw, 150px\" \/><\/a>\n\t\t\t<\/div><\/figure><figure class='gallery-item'>\n\t\t\t<div class='gallery-icon portrait'>\n\t\t\t\t<a href='http:\/\/www.animaguzzista.com\/?attachment_id=3574'><img loading=\"lazy\" decoding=\"async\" width=\"150\" height=\"150\" src=\"http:\/\/www.animaguzzista.com\/wp-content\/uploads\/2015\/05\/Calincontro-Garganico-2015-Nello-Calincontro-Garganico-2015-Vieste-006-150x150.jpg\" class=\"attachment-thumbnail size-thumbnail\" alt=\"\" srcset=\"http:\/\/www.animaguzzista.com\/wp-content\/uploads\/2015\/05\/Calincontro-Garganico-2015-Nello-Calincontro-Garganico-2015-Vieste-006-150x150.jpg 150w, http:\/\/www.animaguzzista.com\/wp-content\/uploads\/2015\/05\/Calincontro-Garganico-2015-Nello-Calincontro-Garganico-2015-Vieste-006-300x300.jpg 300w, http:\/\/www.animaguzzista.com\/wp-content\/uploads\/2015\/05\/Calincontro-Garganico-2015-Nello-Calincontro-Garganico-2015-Vieste-006-100x100.jpg 100w\" sizes=\"(max-width: 150px) 100vw, 150px\" \/><\/a>\n\t\t\t<\/div><\/figure><figure class='gallery-item'>\n\t\t\t<div class='gallery-icon portrait'>\n\t\t\t\t<a href='http:\/\/www.animaguzzista.com\/?attachment_id=3575'><img loading=\"lazy\" decoding=\"async\" width=\"150\" height=\"150\" src=\"http:\/\/www.animaguzzista.com\/wp-content\/uploads\/2015\/05\/Calincontro-Garganico-2015-Nello-Calincontro-Garganico-2015-Vieste-007-150x150.jpg\" class=\"attachment-thumbnail size-thumbnail\" alt=\"\" srcset=\"http:\/\/www.animaguzzista.com\/wp-content\/uploads\/2015\/05\/Calincontro-Garganico-2015-Nello-Calincontro-Garganico-2015-Vieste-007-150x150.jpg 150w, http:\/\/www.animaguzzista.com\/wp-content\/uploads\/2015\/05\/Calincontro-Garganico-2015-Nello-Calincontro-Garganico-2015-Vieste-007-300x300.jpg 300w, http:\/\/www.animaguzzista.com\/wp-content\/uploads\/2015\/05\/Calincontro-Garganico-2015-Nello-Calincontro-Garganico-2015-Vieste-007-100x100.jpg 100w\" sizes=\"(max-width: 150px) 100vw, 150px\" \/><\/a>\n\t\t\t<\/div><\/figure>\n\t\t<\/div>\n\n<p>Gioved\u00ec, partenza per Manfredonia, destinazione Museo archelogico nazionale e relativo Castello. Chiuso per lavori.<br \/>\nPausa caff\u00e8 e maritozzo, poi partenza per Castel del Monte, passando per le saline di Zapponeta e Margherita di Savoia, con sosta d&#8217;obbligo per vedere i fenicotteri rosa. Infruttuosa, vedo solo gabbiani e sterne. Scorta d&#8217;acqua ad un alimentari, dove mi danno qualche informazione sulle strade da evitare e ripartenza.<br \/>\nLa strada \u00e8 lunga e veloce e la vista del Castello di Federico II molto appagante.<\/p>\n<div id='gallery-3' class='gallery galleryid-3560 gallery-columns-4 gallery-size-thumbnail'><figure class='gallery-item'>\n\t\t\t<div class='gallery-icon landscape'>\n\t\t\t\t<a href='http:\/\/www.animaguzzista.com\/?attachment_id=3583'><img loading=\"lazy\" decoding=\"async\" width=\"150\" height=\"150\" src=\"http:\/\/www.animaguzzista.com\/wp-content\/uploads\/2015\/05\/Calincontro-Garganico-2015-Nello-castel-del-monte-007-150x150.jpg\" class=\"attachment-thumbnail size-thumbnail\" alt=\"\" srcset=\"http:\/\/www.animaguzzista.com\/wp-content\/uploads\/2015\/05\/Calincontro-Garganico-2015-Nello-castel-del-monte-007-150x150.jpg 150w, http:\/\/www.animaguzzista.com\/wp-content\/uploads\/2015\/05\/Calincontro-Garganico-2015-Nello-castel-del-monte-007-300x300.jpg 300w, http:\/\/www.animaguzzista.com\/wp-content\/uploads\/2015\/05\/Calincontro-Garganico-2015-Nello-castel-del-monte-007-100x100.jpg 100w\" sizes=\"(max-width: 150px) 100vw, 150px\" \/><\/a>\n\t\t\t<\/div><\/figure><figure class='gallery-item'>\n\t\t\t<div class='gallery-icon landscape'>\n\t\t\t\t<a href='http:\/\/www.animaguzzista.com\/?attachment_id=3582'><img loading=\"lazy\" decoding=\"async\" width=\"150\" height=\"150\" src=\"http:\/\/www.animaguzzista.com\/wp-content\/uploads\/2015\/05\/Calincontro-Garganico-2015-Nello-castel-del-monte-006-150x150.jpg\" class=\"attachment-thumbnail size-thumbnail\" alt=\"\" srcset=\"http:\/\/www.animaguzzista.com\/wp-content\/uploads\/2015\/05\/Calincontro-Garganico-2015-Nello-castel-del-monte-006-150x150.jpg 150w, http:\/\/www.animaguzzista.com\/wp-content\/uploads\/2015\/05\/Calincontro-Garganico-2015-Nello-castel-del-monte-006-300x300.jpg 300w, http:\/\/www.animaguzzista.com\/wp-content\/uploads\/2015\/05\/Calincontro-Garganico-2015-Nello-castel-del-monte-006-100x100.jpg 100w\" sizes=\"(max-width: 150px) 100vw, 150px\" \/><\/a>\n\t\t\t<\/div><\/figure><figure class='gallery-item'>\n\t\t\t<div class='gallery-icon landscape'>\n\t\t\t\t<a href='http:\/\/www.animaguzzista.com\/?attachment_id=3581'><img loading=\"lazy\" decoding=\"async\" width=\"150\" height=\"150\" src=\"http:\/\/www.animaguzzista.com\/wp-content\/uploads\/2015\/05\/Calincontro-Garganico-2015-Nello-castel-del-monte-005-150x150.jpg\" class=\"attachment-thumbnail size-thumbnail\" alt=\"\" srcset=\"http:\/\/www.animaguzzista.com\/wp-content\/uploads\/2015\/05\/Calincontro-Garganico-2015-Nello-castel-del-monte-005-150x150.jpg 150w, http:\/\/www.animaguzzista.com\/wp-content\/uploads\/2015\/05\/Calincontro-Garganico-2015-Nello-castel-del-monte-005-300x300.jpg 300w, http:\/\/www.animaguzzista.com\/wp-content\/uploads\/2015\/05\/Calincontro-Garganico-2015-Nello-castel-del-monte-005-100x100.jpg 100w\" sizes=\"(max-width: 150px) 100vw, 150px\" \/><\/a>\n\t\t\t<\/div><\/figure><figure class='gallery-item'>\n\t\t\t<div class='gallery-icon portrait'>\n\t\t\t\t<a href='http:\/\/www.animaguzzista.com\/?attachment_id=3577'><img loading=\"lazy\" decoding=\"async\" width=\"150\" height=\"150\" src=\"http:\/\/www.animaguzzista.com\/wp-content\/uploads\/2015\/05\/Calincontro-Garganico-2015-Nello-castel-del-monte-001-150x150.jpg\" class=\"attachment-thumbnail size-thumbnail\" alt=\"\" srcset=\"http:\/\/www.animaguzzista.com\/wp-content\/uploads\/2015\/05\/Calincontro-Garganico-2015-Nello-castel-del-monte-001-150x150.jpg 150w, http:\/\/www.animaguzzista.com\/wp-content\/uploads\/2015\/05\/Calincontro-Garganico-2015-Nello-castel-del-monte-001-300x300.jpg 300w, http:\/\/www.animaguzzista.com\/wp-content\/uploads\/2015\/05\/Calincontro-Garganico-2015-Nello-castel-del-monte-001-100x100.jpg 100w\" sizes=\"(max-width: 150px) 100vw, 150px\" \/><\/a>\n\t\t\t<\/div><\/figure><figure class='gallery-item'>\n\t\t\t<div class='gallery-icon portrait'>\n\t\t\t\t<a href='http:\/\/www.animaguzzista.com\/?attachment_id=3580'><img loading=\"lazy\" decoding=\"async\" width=\"150\" height=\"150\" src=\"http:\/\/www.animaguzzista.com\/wp-content\/uploads\/2015\/05\/Calincontro-Garganico-2015-Nello-castel-del-monte-004-150x150.jpg\" class=\"attachment-thumbnail size-thumbnail\" alt=\"\" srcset=\"http:\/\/www.animaguzzista.com\/wp-content\/uploads\/2015\/05\/Calincontro-Garganico-2015-Nello-castel-del-monte-004-150x150.jpg 150w, http:\/\/www.animaguzzista.com\/wp-content\/uploads\/2015\/05\/Calincontro-Garganico-2015-Nello-castel-del-monte-004-300x300.jpg 300w, http:\/\/www.animaguzzista.com\/wp-content\/uploads\/2015\/05\/Calincontro-Garganico-2015-Nello-castel-del-monte-004-100x100.jpg 100w\" sizes=\"(max-width: 150px) 100vw, 150px\" \/><\/a>\n\t\t\t<\/div><\/figure><figure class='gallery-item'>\n\t\t\t<div class='gallery-icon portrait'>\n\t\t\t\t<a href='http:\/\/www.animaguzzista.com\/?attachment_id=3579'><img loading=\"lazy\" decoding=\"async\" width=\"150\" height=\"150\" src=\"http:\/\/www.animaguzzista.com\/wp-content\/uploads\/2015\/05\/Calincontro-Garganico-2015-Nello-castel-del-monte-003-150x150.jpg\" class=\"attachment-thumbnail size-thumbnail\" alt=\"\" srcset=\"http:\/\/www.animaguzzista.com\/wp-content\/uploads\/2015\/05\/Calincontro-Garganico-2015-Nello-castel-del-monte-003-150x150.jpg 150w, http:\/\/www.animaguzzista.com\/wp-content\/uploads\/2015\/05\/Calincontro-Garganico-2015-Nello-castel-del-monte-003-300x300.jpg 300w, http:\/\/www.animaguzzista.com\/wp-content\/uploads\/2015\/05\/Calincontro-Garganico-2015-Nello-castel-del-monte-003-100x100.jpg 100w\" sizes=\"(max-width: 150px) 100vw, 150px\" \/><\/a>\n\t\t\t<\/div><\/figure><figure class='gallery-item'>\n\t\t\t<div class='gallery-icon portrait'>\n\t\t\t\t<a href='http:\/\/www.animaguzzista.com\/?attachment_id=3578'><img loading=\"lazy\" decoding=\"async\" width=\"150\" height=\"150\" src=\"http:\/\/www.animaguzzista.com\/wp-content\/uploads\/2015\/05\/Calincontro-Garganico-2015-Nello-castel-del-monte-002-150x150.jpg\" class=\"attachment-thumbnail size-thumbnail\" alt=\"\" srcset=\"http:\/\/www.animaguzzista.com\/wp-content\/uploads\/2015\/05\/Calincontro-Garganico-2015-Nello-castel-del-monte-002-150x150.jpg 150w, http:\/\/www.animaguzzista.com\/wp-content\/uploads\/2015\/05\/Calincontro-Garganico-2015-Nello-castel-del-monte-002-300x300.jpg 300w, http:\/\/www.animaguzzista.com\/wp-content\/uploads\/2015\/05\/Calincontro-Garganico-2015-Nello-castel-del-monte-002-100x100.jpg 100w\" sizes=\"(max-width: 150px) 100vw, 150px\" \/><\/a>\n\t\t\t<\/div><\/figure>\n\t\t<\/div>\n\n<p>Molto Bello. Sinceramente pensavo di trovare il castello con allestimento interni in stile medievale, quantomeno dell&#8217;epoca, invece \u00e8 vuoto, a parte qualche basso rilievo e residui del mosaico. Dalle legende scopro che la seconda e terza moglie di Federico sono sepolte nella cattedrale di Andria, che \u00e8 di strada.<\/p>\n<p>Attendendo l&#8217;apertura della cattedrale faccio una sosta defaticante con caff\u00e8 e gelato a piazza Catuma e visito il centro storico di Andria. Molto bella la cattedrale e molto curato il soccorpo che ospita le tombe di Jolanda e Isabella.<\/p>\n<div id='gallery-4' class='gallery galleryid-3560 gallery-columns-5 gallery-size-thumbnail'><figure class='gallery-item'>\n\t\t\t<div class='gallery-icon portrait'>\n\t\t\t\t<a href='http:\/\/www.animaguzzista.com\/?attachment_id=3584'><img loading=\"lazy\" decoding=\"async\" width=\"150\" height=\"150\" src=\"http:\/\/www.animaguzzista.com\/wp-content\/uploads\/2015\/05\/Calincontro-Garganico-2015-Nello-Andria-cattedrale-001-150x150.jpg\" class=\"attachment-thumbnail size-thumbnail\" alt=\"\" srcset=\"http:\/\/www.animaguzzista.com\/wp-content\/uploads\/2015\/05\/Calincontro-Garganico-2015-Nello-Andria-cattedrale-001-150x150.jpg 150w, http:\/\/www.animaguzzista.com\/wp-content\/uploads\/2015\/05\/Calincontro-Garganico-2015-Nello-Andria-cattedrale-001-300x300.jpg 300w, http:\/\/www.animaguzzista.com\/wp-content\/uploads\/2015\/05\/Calincontro-Garganico-2015-Nello-Andria-cattedrale-001-100x100.jpg 100w\" sizes=\"(max-width: 150px) 100vw, 150px\" \/><\/a>\n\t\t\t<\/div><\/figure><figure class='gallery-item'>\n\t\t\t<div class='gallery-icon portrait'>\n\t\t\t\t<a href='http:\/\/www.animaguzzista.com\/?attachment_id=3585'><img loading=\"lazy\" decoding=\"async\" width=\"150\" height=\"150\" src=\"http:\/\/www.animaguzzista.com\/wp-content\/uploads\/2015\/05\/Calincontro-Garganico-2015-Nello-Andria-cattedrale-002-150x150.jpg\" class=\"attachment-thumbnail size-thumbnail\" alt=\"\" srcset=\"http:\/\/www.animaguzzista.com\/wp-content\/uploads\/2015\/05\/Calincontro-Garganico-2015-Nello-Andria-cattedrale-002-150x150.jpg 150w, http:\/\/www.animaguzzista.com\/wp-content\/uploads\/2015\/05\/Calincontro-Garganico-2015-Nello-Andria-cattedrale-002-300x300.jpg 300w, http:\/\/www.animaguzzista.com\/wp-content\/uploads\/2015\/05\/Calincontro-Garganico-2015-Nello-Andria-cattedrale-002-100x100.jpg 100w\" sizes=\"(max-width: 150px) 100vw, 150px\" \/><\/a>\n\t\t\t<\/div><\/figure><figure class='gallery-item'>\n\t\t\t<div class='gallery-icon portrait'>\n\t\t\t\t<a href='http:\/\/www.animaguzzista.com\/?attachment_id=3586'><img loading=\"lazy\" decoding=\"async\" width=\"150\" height=\"150\" src=\"http:\/\/www.animaguzzista.com\/wp-content\/uploads\/2015\/05\/Calincontro-Garganico-2015-Nello-Andria-cattedrale-003-150x150.jpg\" class=\"attachment-thumbnail size-thumbnail\" alt=\"\" srcset=\"http:\/\/www.animaguzzista.com\/wp-content\/uploads\/2015\/05\/Calincontro-Garganico-2015-Nello-Andria-cattedrale-003-150x150.jpg 150w, http:\/\/www.animaguzzista.com\/wp-content\/uploads\/2015\/05\/Calincontro-Garganico-2015-Nello-Andria-cattedrale-003-300x300.jpg 300w, http:\/\/www.animaguzzista.com\/wp-content\/uploads\/2015\/05\/Calincontro-Garganico-2015-Nello-Andria-cattedrale-003-100x100.jpg 100w\" sizes=\"(max-width: 150px) 100vw, 150px\" \/><\/a>\n\t\t\t<\/div><\/figure><figure class='gallery-item'>\n\t\t\t<div class='gallery-icon portrait'>\n\t\t\t\t<a href='http:\/\/www.animaguzzista.com\/?attachment_id=3587'><img loading=\"lazy\" decoding=\"async\" width=\"150\" height=\"150\" src=\"http:\/\/www.animaguzzista.com\/wp-content\/uploads\/2015\/05\/Calincontro-Garganico-2015-Nello-Andria-cattedrale-004-150x150.jpg\" class=\"attachment-thumbnail size-thumbnail\" alt=\"\" aria-describedby=\"gallery-4-3587\" srcset=\"http:\/\/www.animaguzzista.com\/wp-content\/uploads\/2015\/05\/Calincontro-Garganico-2015-Nello-Andria-cattedrale-004-150x150.jpg 150w, http:\/\/www.animaguzzista.com\/wp-content\/uploads\/2015\/05\/Calincontro-Garganico-2015-Nello-Andria-cattedrale-004-300x300.jpg 300w, http:\/\/www.animaguzzista.com\/wp-content\/uploads\/2015\/05\/Calincontro-Garganico-2015-Nello-Andria-cattedrale-004-100x100.jpg 100w\" sizes=\"(max-width: 150px) 100vw, 150px\" \/><\/a>\n\t\t\t<\/div>\n\t\t\t\t<figcaption class='wp-caption-text gallery-caption' id='gallery-4-3587'>\n\t\t\t\tLa via pi\u00f9 piccola del mondo, dice\n\t\t\t\t<\/figcaption><\/figure><figure class='gallery-item'>\n\t\t\t<div class='gallery-icon portrait'>\n\t\t\t\t<a href='http:\/\/www.animaguzzista.com\/?attachment_id=3600'><img loading=\"lazy\" decoding=\"async\" width=\"150\" height=\"150\" src=\"http:\/\/www.animaguzzista.com\/wp-content\/uploads\/2015\/05\/Calincontro-Garganico-2015-Nello-Andria-cattedrale-021-150x150.jpg\" class=\"attachment-thumbnail size-thumbnail\" alt=\"\" srcset=\"http:\/\/www.animaguzzista.com\/wp-content\/uploads\/2015\/05\/Calincontro-Garganico-2015-Nello-Andria-cattedrale-021-150x150.jpg 150w, http:\/\/www.animaguzzista.com\/wp-content\/uploads\/2015\/05\/Calincontro-Garganico-2015-Nello-Andria-cattedrale-021-300x300.jpg 300w, http:\/\/www.animaguzzista.com\/wp-content\/uploads\/2015\/05\/Calincontro-Garganico-2015-Nello-Andria-cattedrale-021-100x100.jpg 100w\" sizes=\"(max-width: 150px) 100vw, 150px\" \/><\/a>\n\t\t\t<\/div><\/figure><figure class='gallery-item'>\n\t\t\t<div class='gallery-icon portrait'>\n\t\t\t\t<a href='http:\/\/www.animaguzzista.com\/?attachment_id=3594'><img loading=\"lazy\" decoding=\"async\" width=\"150\" height=\"150\" src=\"http:\/\/www.animaguzzista.com\/wp-content\/uploads\/2015\/05\/Calincontro-Garganico-2015-Nello-Andria-cattedrale-014-150x150.jpg\" class=\"attachment-thumbnail size-thumbnail\" alt=\"\" srcset=\"http:\/\/www.animaguzzista.com\/wp-content\/uploads\/2015\/05\/Calincontro-Garganico-2015-Nello-Andria-cattedrale-014-150x150.jpg 150w, http:\/\/www.animaguzzista.com\/wp-content\/uploads\/2015\/05\/Calincontro-Garganico-2015-Nello-Andria-cattedrale-014-300x300.jpg 300w, http:\/\/www.animaguzzista.com\/wp-content\/uploads\/2015\/05\/Calincontro-Garganico-2015-Nello-Andria-cattedrale-014-100x100.jpg 100w\" sizes=\"(max-width: 150px) 100vw, 150px\" \/><\/a>\n\t\t\t<\/div><\/figure><figure class='gallery-item'>\n\t\t\t<div class='gallery-icon portrait'>\n\t\t\t\t<a href='http:\/\/www.animaguzzista.com\/?attachment_id=3589'><img loading=\"lazy\" decoding=\"async\" width=\"150\" height=\"150\" src=\"http:\/\/www.animaguzzista.com\/wp-content\/uploads\/2015\/05\/Calincontro-Garganico-2015-Nello-Andria-cattedrale-009-150x150.jpg\" class=\"attachment-thumbnail size-thumbnail\" alt=\"\" srcset=\"http:\/\/www.animaguzzista.com\/wp-content\/uploads\/2015\/05\/Calincontro-Garganico-2015-Nello-Andria-cattedrale-009-150x150.jpg 150w, http:\/\/www.animaguzzista.com\/wp-content\/uploads\/2015\/05\/Calincontro-Garganico-2015-Nello-Andria-cattedrale-009-300x300.jpg 300w, http:\/\/www.animaguzzista.com\/wp-content\/uploads\/2015\/05\/Calincontro-Garganico-2015-Nello-Andria-cattedrale-009-100x100.jpg 100w\" sizes=\"(max-width: 150px) 100vw, 150px\" \/><\/a>\n\t\t\t<\/div><\/figure><figure class='gallery-item'>\n\t\t\t<div class='gallery-icon portrait'>\n\t\t\t\t<a href='http:\/\/www.animaguzzista.com\/?attachment_id=3590'><img loading=\"lazy\" decoding=\"async\" width=\"150\" height=\"150\" src=\"http:\/\/www.animaguzzista.com\/wp-content\/uploads\/2015\/05\/Calincontro-Garganico-2015-Nello-Andria-cattedrale-010-150x150.jpg\" class=\"attachment-thumbnail size-thumbnail\" alt=\"\" srcset=\"http:\/\/www.animaguzzista.com\/wp-content\/uploads\/2015\/05\/Calincontro-Garganico-2015-Nello-Andria-cattedrale-010-150x150.jpg 150w, http:\/\/www.animaguzzista.com\/wp-content\/uploads\/2015\/05\/Calincontro-Garganico-2015-Nello-Andria-cattedrale-010-300x300.jpg 300w, http:\/\/www.animaguzzista.com\/wp-content\/uploads\/2015\/05\/Calincontro-Garganico-2015-Nello-Andria-cattedrale-010-100x100.jpg 100w\" sizes=\"(max-width: 150px) 100vw, 150px\" \/><\/a>\n\t\t\t<\/div><\/figure><figure class='gallery-item'>\n\t\t\t<div class='gallery-icon landscape'>\n\t\t\t\t<a href='http:\/\/www.animaguzzista.com\/?attachment_id=3591'><img loading=\"lazy\" decoding=\"async\" width=\"150\" height=\"150\" src=\"http:\/\/www.animaguzzista.com\/wp-content\/uploads\/2015\/05\/Calincontro-Garganico-2015-Nello-Andria-cattedrale-011-150x150.jpg\" class=\"attachment-thumbnail size-thumbnail\" alt=\"\" srcset=\"http:\/\/www.animaguzzista.com\/wp-content\/uploads\/2015\/05\/Calincontro-Garganico-2015-Nello-Andria-cattedrale-011-150x150.jpg 150w, http:\/\/www.animaguzzista.com\/wp-content\/uploads\/2015\/05\/Calincontro-Garganico-2015-Nello-Andria-cattedrale-011-300x300.jpg 300w, http:\/\/www.animaguzzista.com\/wp-content\/uploads\/2015\/05\/Calincontro-Garganico-2015-Nello-Andria-cattedrale-011-100x100.jpg 100w\" sizes=\"(max-width: 150px) 100vw, 150px\" \/><\/a>\n\t\t\t<\/div><\/figure><figure class='gallery-item'>\n\t\t\t<div class='gallery-icon portrait'>\n\t\t\t\t<a href='http:\/\/www.animaguzzista.com\/?attachment_id=3592'><img loading=\"lazy\" decoding=\"async\" width=\"150\" height=\"150\" src=\"http:\/\/www.animaguzzista.com\/wp-content\/uploads\/2015\/05\/Calincontro-Garganico-2015-Nello-Andria-cattedrale-012-150x150.jpg\" class=\"attachment-thumbnail size-thumbnail\" alt=\"\" srcset=\"http:\/\/www.animaguzzista.com\/wp-content\/uploads\/2015\/05\/Calincontro-Garganico-2015-Nello-Andria-cattedrale-012-150x150.jpg 150w, http:\/\/www.animaguzzista.com\/wp-content\/uploads\/2015\/05\/Calincontro-Garganico-2015-Nello-Andria-cattedrale-012-300x300.jpg 300w, http:\/\/www.animaguzzista.com\/wp-content\/uploads\/2015\/05\/Calincontro-Garganico-2015-Nello-Andria-cattedrale-012-100x100.jpg 100w\" sizes=\"(max-width: 150px) 100vw, 150px\" \/><\/a>\n\t\t\t<\/div><\/figure><figure class='gallery-item'>\n\t\t\t<div class='gallery-icon portrait'>\n\t\t\t\t<a href='http:\/\/www.animaguzzista.com\/?attachment_id=3593'><img loading=\"lazy\" decoding=\"async\" width=\"150\" height=\"150\" src=\"http:\/\/www.animaguzzista.com\/wp-content\/uploads\/2015\/05\/Calincontro-Garganico-2015-Nello-Andria-cattedrale-013-150x150.jpg\" class=\"attachment-thumbnail size-thumbnail\" alt=\"\" srcset=\"http:\/\/www.animaguzzista.com\/wp-content\/uploads\/2015\/05\/Calincontro-Garganico-2015-Nello-Andria-cattedrale-013-150x150.jpg 150w, http:\/\/www.animaguzzista.com\/wp-content\/uploads\/2015\/05\/Calincontro-Garganico-2015-Nello-Andria-cattedrale-013-300x300.jpg 300w, http:\/\/www.animaguzzista.com\/wp-content\/uploads\/2015\/05\/Calincontro-Garganico-2015-Nello-Andria-cattedrale-013-100x100.jpg 100w\" sizes=\"(max-width: 150px) 100vw, 150px\" \/><\/a>\n\t\t\t<\/div><\/figure><figure class='gallery-item'>\n\t\t\t<div class='gallery-icon landscape'>\n\t\t\t\t<a href='http:\/\/www.animaguzzista.com\/?attachment_id=3588'><img loading=\"lazy\" decoding=\"async\" width=\"150\" height=\"150\" src=\"http:\/\/www.animaguzzista.com\/wp-content\/uploads\/2015\/05\/Calincontro-Garganico-2015-Nello-Andria-cattedrale-008-150x150.jpg\" class=\"attachment-thumbnail size-thumbnail\" alt=\"\" aria-describedby=\"gallery-4-3588\" srcset=\"http:\/\/www.animaguzzista.com\/wp-content\/uploads\/2015\/05\/Calincontro-Garganico-2015-Nello-Andria-cattedrale-008-150x150.jpg 150w, http:\/\/www.animaguzzista.com\/wp-content\/uploads\/2015\/05\/Calincontro-Garganico-2015-Nello-Andria-cattedrale-008-300x300.jpg 300w, http:\/\/www.animaguzzista.com\/wp-content\/uploads\/2015\/05\/Calincontro-Garganico-2015-Nello-Andria-cattedrale-008-100x100.jpg 100w\" sizes=\"(max-width: 150px) 100vw, 150px\" \/><\/a>\n\t\t\t<\/div>\n\t\t\t\t<figcaption class='wp-caption-text gallery-caption' id='gallery-4-3588'>\n\t\t\t\tSan Riccardo\n\t\t\t\t<\/figcaption><\/figure><figure class='gallery-item'>\n\t\t\t<div class='gallery-icon portrait'>\n\t\t\t\t<a href='http:\/\/www.animaguzzista.com\/?attachment_id=3595'><img loading=\"lazy\" decoding=\"async\" width=\"150\" height=\"150\" src=\"http:\/\/www.animaguzzista.com\/wp-content\/uploads\/2015\/05\/Calincontro-Garganico-2015-Nello-Andria-cattedrale-015-150x150.jpg\" class=\"attachment-thumbnail size-thumbnail\" alt=\"\" srcset=\"http:\/\/www.animaguzzista.com\/wp-content\/uploads\/2015\/05\/Calincontro-Garganico-2015-Nello-Andria-cattedrale-015-150x150.jpg 150w, http:\/\/www.animaguzzista.com\/wp-content\/uploads\/2015\/05\/Calincontro-Garganico-2015-Nello-Andria-cattedrale-015-300x300.jpg 300w, http:\/\/www.animaguzzista.com\/wp-content\/uploads\/2015\/05\/Calincontro-Garganico-2015-Nello-Andria-cattedrale-015-100x100.jpg 100w\" sizes=\"(max-width: 150px) 100vw, 150px\" \/><\/a>\n\t\t\t<\/div><\/figure><figure class='gallery-item'>\n\t\t\t<div class='gallery-icon portrait'>\n\t\t\t\t<a href='http:\/\/www.animaguzzista.com\/?attachment_id=3596'><img loading=\"lazy\" decoding=\"async\" width=\"150\" height=\"150\" src=\"http:\/\/www.animaguzzista.com\/wp-content\/uploads\/2015\/05\/Calincontro-Garganico-2015-Nello-Andria-cattedrale-017-150x150.jpg\" class=\"attachment-thumbnail size-thumbnail\" alt=\"\" srcset=\"http:\/\/www.animaguzzista.com\/wp-content\/uploads\/2015\/05\/Calincontro-Garganico-2015-Nello-Andria-cattedrale-017-150x150.jpg 150w, http:\/\/www.animaguzzista.com\/wp-content\/uploads\/2015\/05\/Calincontro-Garganico-2015-Nello-Andria-cattedrale-017-300x300.jpg 300w, http:\/\/www.animaguzzista.com\/wp-content\/uploads\/2015\/05\/Calincontro-Garganico-2015-Nello-Andria-cattedrale-017-100x100.jpg 100w\" sizes=\"(max-width: 150px) 100vw, 150px\" \/><\/a>\n\t\t\t<\/div><\/figure><figure class='gallery-item'>\n\t\t\t<div class='gallery-icon portrait'>\n\t\t\t\t<a href='http:\/\/www.animaguzzista.com\/?attachment_id=3597'><img loading=\"lazy\" decoding=\"async\" width=\"150\" height=\"150\" src=\"http:\/\/www.animaguzzista.com\/wp-content\/uploads\/2015\/05\/Calincontro-Garganico-2015-Nello-Andria-cattedrale-018-150x150.jpg\" class=\"attachment-thumbnail size-thumbnail\" alt=\"\" srcset=\"http:\/\/www.animaguzzista.com\/wp-content\/uploads\/2015\/05\/Calincontro-Garganico-2015-Nello-Andria-cattedrale-018-150x150.jpg 150w, http:\/\/www.animaguzzista.com\/wp-content\/uploads\/2015\/05\/Calincontro-Garganico-2015-Nello-Andria-cattedrale-018-300x300.jpg 300w, http:\/\/www.animaguzzista.com\/wp-content\/uploads\/2015\/05\/Calincontro-Garganico-2015-Nello-Andria-cattedrale-018-100x100.jpg 100w\" sizes=\"(max-width: 150px) 100vw, 150px\" \/><\/a>\n\t\t\t<\/div><\/figure><figure class='gallery-item'>\n\t\t\t<div class='gallery-icon landscape'>\n\t\t\t\t<a href='http:\/\/www.animaguzzista.com\/?attachment_id=3598'><img loading=\"lazy\" decoding=\"async\" width=\"150\" height=\"150\" src=\"http:\/\/www.animaguzzista.com\/wp-content\/uploads\/2015\/05\/Calincontro-Garganico-2015-Nello-Andria-cattedrale-019-150x150.jpg\" class=\"attachment-thumbnail size-thumbnail\" alt=\"\" srcset=\"http:\/\/www.animaguzzista.com\/wp-content\/uploads\/2015\/05\/Calincontro-Garganico-2015-Nello-Andria-cattedrale-019-150x150.jpg 150w, http:\/\/www.animaguzzista.com\/wp-content\/uploads\/2015\/05\/Calincontro-Garganico-2015-Nello-Andria-cattedrale-019-300x300.jpg 300w, http:\/\/www.animaguzzista.com\/wp-content\/uploads\/2015\/05\/Calincontro-Garganico-2015-Nello-Andria-cattedrale-019-100x100.jpg 100w\" sizes=\"(max-width: 150px) 100vw, 150px\" \/><\/a>\n\t\t\t<\/div><\/figure><figure class='gallery-item'>\n\t\t\t<div class='gallery-icon landscape'>\n\t\t\t\t<a href='http:\/\/www.animaguzzista.com\/?attachment_id=3599'><img loading=\"lazy\" decoding=\"async\" width=\"150\" height=\"150\" src=\"http:\/\/www.animaguzzista.com\/wp-content\/uploads\/2015\/05\/Calincontro-Garganico-2015-Nello-Andria-cattedrale-020-150x150.jpg\" class=\"attachment-thumbnail size-thumbnail\" alt=\"\" srcset=\"http:\/\/www.animaguzzista.com\/wp-content\/uploads\/2015\/05\/Calincontro-Garganico-2015-Nello-Andria-cattedrale-020-150x150.jpg 150w, http:\/\/www.animaguzzista.com\/wp-content\/uploads\/2015\/05\/Calincontro-Garganico-2015-Nello-Andria-cattedrale-020-300x300.jpg 300w, http:\/\/www.animaguzzista.com\/wp-content\/uploads\/2015\/05\/Calincontro-Garganico-2015-Nello-Andria-cattedrale-020-100x100.jpg 100w\" sizes=\"(max-width: 150px) 100vw, 150px\" \/><\/a>\n\t\t\t<\/div><\/figure><figure class='gallery-item'>\n\t\t\t<div class='gallery-icon landscape'>\n\t\t\t\t<a href='http:\/\/www.animaguzzista.com\/?attachment_id=3601'><img loading=\"lazy\" decoding=\"async\" width=\"150\" height=\"150\" src=\"http:\/\/www.animaguzzista.com\/wp-content\/uploads\/2015\/05\/Saline-Margherita-Savoia1-150x150.jpg\" class=\"attachment-thumbnail size-thumbnail\" alt=\"\" aria-describedby=\"gallery-4-3601\" srcset=\"http:\/\/www.animaguzzista.com\/wp-content\/uploads\/2015\/05\/Saline-Margherita-Savoia1-150x150.jpg 150w, http:\/\/www.animaguzzista.com\/wp-content\/uploads\/2015\/05\/Saline-Margherita-Savoia1-300x300.jpg 300w, http:\/\/www.animaguzzista.com\/wp-content\/uploads\/2015\/05\/Saline-Margherita-Savoia1-100x100.jpg 100w\" sizes=\"(max-width: 150px) 100vw, 150px\" \/><\/a>\n\t\t\t<\/div>\n\t\t\t\t<figcaption class='wp-caption-text gallery-caption' id='gallery-4-3601'>\n\t\t\t\tSaline, sula strada del ritorno\n\t\t\t\t<\/figcaption><\/figure>\n\t\t<\/div>\n\n<p>Ripartenza per Vieste. Questa volta in prossimita di Manfredonia avvio il navigatore offline per raggiugere il campeggio con strade normali, ma gi\u00e0 al distributore mi suggeriscono di allugare per la tangenziale ed evitare il traffico, che il navigatore non prevede &#8230; gira a destra, gira a sinistra, svolta qu\u00e0, vai di l\u00e0, poi una stradina, poi &#8230; una mulattiera ! Non riesco a fare inversione e continuo. Il panorama \u00e8 bello, faccio una foto per i posteri e gli archeologi che mi ritroveranno mummificato insieme al California.<\/p>\n<p><a href=\"http:\/\/www.animaguzzista.com\/wp-content\/uploads\/2015\/05\/deviazione-vieste.jpg\"><img loading=\"lazy\" decoding=\"async\" class=\"aligncenter size-thumbnail wp-image-3618\" src=\"http:\/\/www.animaguzzista.com\/wp-content\/uploads\/2015\/05\/deviazione-vieste-150x150.jpg\" alt=\"Calincontro Garganico 2015 Nello deviazione vieste\" width=\"150\" height=\"150\" srcset=\"http:\/\/www.animaguzzista.com\/wp-content\/uploads\/2015\/05\/deviazione-vieste-150x150.jpg 150w, http:\/\/www.animaguzzista.com\/wp-content\/uploads\/2015\/05\/deviazione-vieste-300x300.jpg 300w, http:\/\/www.animaguzzista.com\/wp-content\/uploads\/2015\/05\/deviazione-vieste-100x100.jpg 100w\" sizes=\"(max-width: 150px) 100vw, 150px\" \/><\/a>Infine il Campeggio ! baci e abbracci con gli altri calincontristi. La zona tende si \u00e8 popolata, faccio una doccia defaticante e poi concludo la bella giornata con la cena tra risate, genziana e cazzeggio vario.<\/p>\n<p>Venerd\u00ec, primo giorno ufficiale del calincontro, destinazione San Giovanni Rotondo e il santuario di Padre Pio. Percorso, la jungla.<br \/>\nFabio fa l&#8217;andatura, ma non scalda bene le gomme e si deve &#8220;fermare&#8221; a raccogliere serbatoio e sella lungo la strada. Applausi e perculamenti degli spettatori. Tutti interi raggiungiamo il Santuario. Al ristorante del hotel Sirios incontriamo l&#8217;altro gruppo di calincontristi, capitanati da Carmine. Pranzo ottimo, come al solito.<\/p>\n<div id='gallery-5' class='gallery galleryid-3560 gallery-columns-5 gallery-size-thumbnail'><figure class='gallery-item'>\n\t\t\t<div class='gallery-icon portrait'>\n\t\t\t\t<a href='http:\/\/www.animaguzzista.com\/?attachment_id=3502'><img loading=\"lazy\" decoding=\"async\" width=\"150\" height=\"150\" src=\"http:\/\/www.animaguzzista.com\/wp-content\/uploads\/2015\/05\/Calincontro-Garganico-2015-GPBertch-003-150x150.jpg\" class=\"attachment-thumbnail size-thumbnail\" alt=\"\" srcset=\"http:\/\/www.animaguzzista.com\/wp-content\/uploads\/2015\/05\/Calincontro-Garganico-2015-GPBertch-003-150x150.jpg 150w, http:\/\/www.animaguzzista.com\/wp-content\/uploads\/2015\/05\/Calincontro-Garganico-2015-GPBertch-003-300x300.jpg 300w, http:\/\/www.animaguzzista.com\/wp-content\/uploads\/2015\/05\/Calincontro-Garganico-2015-GPBertch-003-100x100.jpg 100w\" sizes=\"(max-width: 150px) 100vw, 150px\" \/><\/a>\n\t\t\t<\/div><\/figure><figure class='gallery-item'>\n\t\t\t<div class='gallery-icon landscape'>\n\t\t\t\t<a href='http:\/\/www.animaguzzista.com\/?attachment_id=3608'><img loading=\"lazy\" decoding=\"async\" width=\"150\" height=\"150\" src=\"http:\/\/www.animaguzzista.com\/wp-content\/uploads\/2015\/05\/IMG_20150501_121909-150x150.jpg\" class=\"attachment-thumbnail size-thumbnail\" alt=\"\" srcset=\"http:\/\/www.animaguzzista.com\/wp-content\/uploads\/2015\/05\/IMG_20150501_121909-150x150.jpg 150w, http:\/\/www.animaguzzista.com\/wp-content\/uploads\/2015\/05\/IMG_20150501_121909-300x300.jpg 300w, http:\/\/www.animaguzzista.com\/wp-content\/uploads\/2015\/05\/IMG_20150501_121909-100x100.jpg 100w\" sizes=\"(max-width: 150px) 100vw, 150px\" \/><\/a>\n\t\t\t<\/div><\/figure><figure class='gallery-item'>\n\t\t\t<div class='gallery-icon landscape'>\n\t\t\t\t<a href='http:\/\/www.animaguzzista.com\/?attachment_id=3609'><img loading=\"lazy\" decoding=\"async\" width=\"150\" height=\"150\" src=\"http:\/\/www.animaguzzista.com\/wp-content\/uploads\/2015\/05\/IMG_20150501_121925-150x150.jpg\" class=\"attachment-thumbnail size-thumbnail\" alt=\"\" srcset=\"http:\/\/www.animaguzzista.com\/wp-content\/uploads\/2015\/05\/IMG_20150501_121925-150x150.jpg 150w, http:\/\/www.animaguzzista.com\/wp-content\/uploads\/2015\/05\/IMG_20150501_121925-300x300.jpg 300w, http:\/\/www.animaguzzista.com\/wp-content\/uploads\/2015\/05\/IMG_20150501_121925-100x100.jpg 100w\" sizes=\"(max-width: 150px) 100vw, 150px\" \/><\/a>\n\t\t\t<\/div><\/figure><figure class='gallery-item'>\n\t\t\t<div class='gallery-icon landscape'>\n\t\t\t\t<a href='http:\/\/www.animaguzzista.com\/?attachment_id=3610'><img loading=\"lazy\" decoding=\"async\" width=\"150\" height=\"150\" src=\"http:\/\/www.animaguzzista.com\/wp-content\/uploads\/2015\/05\/IMG_20150501_122050-150x150.jpg\" class=\"attachment-thumbnail size-thumbnail\" alt=\"\" srcset=\"http:\/\/www.animaguzzista.com\/wp-content\/uploads\/2015\/05\/IMG_20150501_122050-150x150.jpg 150w, http:\/\/www.animaguzzista.com\/wp-content\/uploads\/2015\/05\/IMG_20150501_122050-300x300.jpg 300w, http:\/\/www.animaguzzista.com\/wp-content\/uploads\/2015\/05\/IMG_20150501_122050-100x100.jpg 100w\" sizes=\"(max-width: 150px) 100vw, 150px\" \/><\/a>\n\t\t\t<\/div><\/figure><figure class='gallery-item'>\n\t\t\t<div class='gallery-icon landscape'>\n\t\t\t\t<a href='http:\/\/www.animaguzzista.com\/?attachment_id=3611'><img loading=\"lazy\" decoding=\"async\" width=\"150\" height=\"150\" src=\"http:\/\/www.animaguzzista.com\/wp-content\/uploads\/2015\/05\/IMG_20150501_122449-150x150.jpg\" class=\"attachment-thumbnail size-thumbnail\" alt=\"\" srcset=\"http:\/\/www.animaguzzista.com\/wp-content\/uploads\/2015\/05\/IMG_20150501_122449-150x150.jpg 150w, http:\/\/www.animaguzzista.com\/wp-content\/uploads\/2015\/05\/IMG_20150501_122449-300x300.jpg 300w, http:\/\/www.animaguzzista.com\/wp-content\/uploads\/2015\/05\/IMG_20150501_122449-100x100.jpg 100w\" sizes=\"(max-width: 150px) 100vw, 150px\" \/><\/a>\n\t\t\t<\/div><\/figure><figure class='gallery-item'>\n\t\t\t<div class='gallery-icon landscape'>\n\t\t\t\t<a href='http:\/\/www.animaguzzista.com\/?attachment_id=3612'><img loading=\"lazy\" decoding=\"async\" width=\"150\" height=\"150\" src=\"http:\/\/www.animaguzzista.com\/wp-content\/uploads\/2015\/05\/IMG_20150501_123241-150x150.jpg\" class=\"attachment-thumbnail size-thumbnail\" alt=\"\" srcset=\"http:\/\/www.animaguzzista.com\/wp-content\/uploads\/2015\/05\/IMG_20150501_123241-150x150.jpg 150w, http:\/\/www.animaguzzista.com\/wp-content\/uploads\/2015\/05\/IMG_20150501_123241-300x300.jpg 300w, http:\/\/www.animaguzzista.com\/wp-content\/uploads\/2015\/05\/IMG_20150501_123241-100x100.jpg 100w\" sizes=\"(max-width: 150px) 100vw, 150px\" \/><\/a>\n\t\t\t<\/div><\/figure><figure class='gallery-item'>\n\t\t\t<div class='gallery-icon landscape'>\n\t\t\t\t<a href='http:\/\/www.animaguzzista.com\/?attachment_id=3613'><img loading=\"lazy\" decoding=\"async\" width=\"150\" height=\"150\" src=\"http:\/\/www.animaguzzista.com\/wp-content\/uploads\/2015\/05\/IMG_20150501_123305-150x150.jpg\" class=\"attachment-thumbnail size-thumbnail\" alt=\"\" srcset=\"http:\/\/www.animaguzzista.com\/wp-content\/uploads\/2015\/05\/IMG_20150501_123305-150x150.jpg 150w, http:\/\/www.animaguzzista.com\/wp-content\/uploads\/2015\/05\/IMG_20150501_123305-300x300.jpg 300w, http:\/\/www.animaguzzista.com\/wp-content\/uploads\/2015\/05\/IMG_20150501_123305-100x100.jpg 100w\" sizes=\"(max-width: 150px) 100vw, 150px\" \/><\/a>\n\t\t\t<\/div><\/figure><figure class='gallery-item'>\n\t\t\t<div class='gallery-icon landscape'>\n\t\t\t\t<a href='http:\/\/www.animaguzzista.com\/?attachment_id=3532'><img loading=\"lazy\" decoding=\"async\" width=\"150\" height=\"150\" src=\"http:\/\/www.animaguzzista.com\/wp-content\/uploads\/2015\/05\/Calincontro-Garganico-2015-nuradler-013-150x150.jpg\" class=\"attachment-thumbnail size-thumbnail\" alt=\"\" srcset=\"http:\/\/www.animaguzzista.com\/wp-content\/uploads\/2015\/05\/Calincontro-Garganico-2015-nuradler-013-150x150.jpg 150w, http:\/\/www.animaguzzista.com\/wp-content\/uploads\/2015\/05\/Calincontro-Garganico-2015-nuradler-013-300x300.jpg 300w, http:\/\/www.animaguzzista.com\/wp-content\/uploads\/2015\/05\/Calincontro-Garganico-2015-nuradler-013-100x100.jpg 100w\" sizes=\"(max-width: 150px) 100vw, 150px\" \/><\/a>\n\t\t\t<\/div><\/figure>\n\t\t<\/div>\n\n<p>Ritorno sulla litoranea, passando per il vecchio idroscalo della Marina Militare, poi sosta defaticante alla foce di Varano, dove trovo il gruppeto laziale. Arriviamo al camping attraverso la bellissima foresta Umbra. Come di rito doccia, cena e cazzeggio etilico dove faccio la conoscenza dell&#8217;Amaro amaro di Skiantokescia e di altri liquori non commerciabili di cui non ricordo pi\u00f9 il nome.<\/p>\n<p>Sabato. Il giro passa sulla litoranea per Peschici con sosta birretta a Rodi Garganico, per proseguire verso San Giovanni Rotondo, dove pranziamo al sacco con tranci di pizza e affettato di Caciocavallo. La meta \u00e8 Monte sant&#8217;angelo per la visita del santuario o del castello. Il santuario l&#8217;avevo gi\u00e0 visto ad Aquile Garganiche.<\/p>\n<div id='gallery-6' class='gallery galleryid-3560 gallery-columns-5 gallery-size-thumbnail'><figure class='gallery-item'>\n\t\t\t<div class='gallery-icon landscape'>\n\t\t\t\t<a href='http:\/\/www.animaguzzista.com\/?attachment_id=3546'><img loading=\"lazy\" decoding=\"async\" width=\"150\" height=\"150\" src=\"http:\/\/www.animaguzzista.com\/wp-content\/uploads\/2015\/05\/IMG_20150502_131746-150x150.jpg\" class=\"attachment-thumbnail size-thumbnail\" alt=\"\" srcset=\"http:\/\/www.animaguzzista.com\/wp-content\/uploads\/2015\/05\/IMG_20150502_131746-150x150.jpg 150w, http:\/\/www.animaguzzista.com\/wp-content\/uploads\/2015\/05\/IMG_20150502_131746-300x300.jpg 300w, http:\/\/www.animaguzzista.com\/wp-content\/uploads\/2015\/05\/IMG_20150502_131746-100x100.jpg 100w\" sizes=\"(max-width: 150px) 100vw, 150px\" \/><\/a>\n\t\t\t<\/div><\/figure><figure class='gallery-item'>\n\t\t\t<div class='gallery-icon landscape'>\n\t\t\t\t<a href='http:\/\/www.animaguzzista.com\/?attachment_id=3548'><img loading=\"lazy\" decoding=\"async\" width=\"150\" height=\"150\" src=\"http:\/\/www.animaguzzista.com\/wp-content\/uploads\/2015\/05\/IMG_20150502_131838-150x150.jpg\" class=\"attachment-thumbnail size-thumbnail\" alt=\"\" srcset=\"http:\/\/www.animaguzzista.com\/wp-content\/uploads\/2015\/05\/IMG_20150502_131838-150x150.jpg 150w, http:\/\/www.animaguzzista.com\/wp-content\/uploads\/2015\/05\/IMG_20150502_131838-300x300.jpg 300w, http:\/\/www.animaguzzista.com\/wp-content\/uploads\/2015\/05\/IMG_20150502_131838-100x100.jpg 100w\" sizes=\"(max-width: 150px) 100vw, 150px\" \/><\/a>\n\t\t\t<\/div><\/figure><figure class='gallery-item'>\n\t\t\t<div class='gallery-icon landscape'>\n\t\t\t\t<a href='http:\/\/www.animaguzzista.com\/?attachment_id=3549'><img loading=\"lazy\" decoding=\"async\" width=\"150\" height=\"150\" src=\"http:\/\/www.animaguzzista.com\/wp-content\/uploads\/2015\/05\/IMG_20150502_131905-150x150.jpg\" class=\"attachment-thumbnail size-thumbnail\" alt=\"\" srcset=\"http:\/\/www.animaguzzista.com\/wp-content\/uploads\/2015\/05\/IMG_20150502_131905-150x150.jpg 150w, http:\/\/www.animaguzzista.com\/wp-content\/uploads\/2015\/05\/IMG_20150502_131905-300x300.jpg 300w, http:\/\/www.animaguzzista.com\/wp-content\/uploads\/2015\/05\/IMG_20150502_131905-100x100.jpg 100w\" sizes=\"(max-width: 150px) 100vw, 150px\" \/><\/a>\n\t\t\t<\/div><\/figure><figure class='gallery-item'>\n\t\t\t<div class='gallery-icon landscape'>\n\t\t\t\t<a href='http:\/\/www.animaguzzista.com\/?attachment_id=3547'><img loading=\"lazy\" decoding=\"async\" width=\"150\" height=\"150\" src=\"http:\/\/www.animaguzzista.com\/wp-content\/uploads\/2015\/05\/IMG_20150502_131827-150x150.jpg\" class=\"attachment-thumbnail size-thumbnail\" alt=\"\" srcset=\"http:\/\/www.animaguzzista.com\/wp-content\/uploads\/2015\/05\/IMG_20150502_131827-150x150.jpg 150w, http:\/\/www.animaguzzista.com\/wp-content\/uploads\/2015\/05\/IMG_20150502_131827-300x300.jpg 300w, http:\/\/www.animaguzzista.com\/wp-content\/uploads\/2015\/05\/IMG_20150502_131827-100x100.jpg 100w\" sizes=\"(max-width: 150px) 100vw, 150px\" \/><\/a>\n\t\t\t<\/div><\/figure><figure class='gallery-item'>\n\t\t\t<div class='gallery-icon landscape'>\n\t\t\t\t<a href='http:\/\/www.animaguzzista.com\/?attachment_id=3623'><img loading=\"lazy\" decoding=\"async\" width=\"150\" height=\"150\" src=\"http:\/\/www.animaguzzista.com\/wp-content\/uploads\/2015\/05\/Calincontro-Garganico-2015-Nello-castel-sant-angelo-001-150x150.jpg\" class=\"attachment-thumbnail size-thumbnail\" alt=\"\" srcset=\"http:\/\/www.animaguzzista.com\/wp-content\/uploads\/2015\/05\/Calincontro-Garganico-2015-Nello-castel-sant-angelo-001-150x150.jpg 150w, http:\/\/www.animaguzzista.com\/wp-content\/uploads\/2015\/05\/Calincontro-Garganico-2015-Nello-castel-sant-angelo-001-300x300.jpg 300w, http:\/\/www.animaguzzista.com\/wp-content\/uploads\/2015\/05\/Calincontro-Garganico-2015-Nello-castel-sant-angelo-001-100x100.jpg 100w\" sizes=\"(max-width: 150px) 100vw, 150px\" \/><\/a>\n\t\t\t<\/div><\/figure><figure class='gallery-item'>\n\t\t\t<div class='gallery-icon landscape'>\n\t\t\t\t<a href='http:\/\/www.animaguzzista.com\/?attachment_id=3624'><img loading=\"lazy\" decoding=\"async\" width=\"150\" height=\"150\" src=\"http:\/\/www.animaguzzista.com\/wp-content\/uploads\/2015\/05\/Calincontro-Garganico-2015-Nello-castel-sant-angelo-002-150x150.jpg\" class=\"attachment-thumbnail size-thumbnail\" alt=\"\" srcset=\"http:\/\/www.animaguzzista.com\/wp-content\/uploads\/2015\/05\/Calincontro-Garganico-2015-Nello-castel-sant-angelo-002-150x150.jpg 150w, http:\/\/www.animaguzzista.com\/wp-content\/uploads\/2015\/05\/Calincontro-Garganico-2015-Nello-castel-sant-angelo-002-300x300.jpg 300w, http:\/\/www.animaguzzista.com\/wp-content\/uploads\/2015\/05\/Calincontro-Garganico-2015-Nello-castel-sant-angelo-002-100x100.jpg 100w\" sizes=\"(max-width: 150px) 100vw, 150px\" \/><\/a>\n\t\t\t<\/div><\/figure><figure class='gallery-item'>\n\t\t\t<div class='gallery-icon portrait'>\n\t\t\t\t<a href='http:\/\/www.animaguzzista.com\/?attachment_id=3625'><img loading=\"lazy\" decoding=\"async\" width=\"150\" height=\"150\" src=\"http:\/\/www.animaguzzista.com\/wp-content\/uploads\/2015\/05\/Calincontro-Garganico-2015-Nello-castel-sant-angelo-005-150x150.jpg\" class=\"attachment-thumbnail size-thumbnail\" alt=\"\" srcset=\"http:\/\/www.animaguzzista.com\/wp-content\/uploads\/2015\/05\/Calincontro-Garganico-2015-Nello-castel-sant-angelo-005-150x150.jpg 150w, http:\/\/www.animaguzzista.com\/wp-content\/uploads\/2015\/05\/Calincontro-Garganico-2015-Nello-castel-sant-angelo-005-300x300.jpg 300w, http:\/\/www.animaguzzista.com\/wp-content\/uploads\/2015\/05\/Calincontro-Garganico-2015-Nello-castel-sant-angelo-005-100x100.jpg 100w\" sizes=\"(max-width: 150px) 100vw, 150px\" \/><\/a>\n\t\t\t<\/div><\/figure><figure class='gallery-item'>\n\t\t\t<div class='gallery-icon landscape'>\n\t\t\t\t<a href='http:\/\/www.animaguzzista.com\/?attachment_id=3626'><img loading=\"lazy\" decoding=\"async\" width=\"150\" height=\"150\" src=\"http:\/\/www.animaguzzista.com\/wp-content\/uploads\/2015\/05\/Calincontro-Garganico-2015-Nello-castel-sant-angelo-006-150x150.jpg\" class=\"attachment-thumbnail size-thumbnail\" alt=\"\" srcset=\"http:\/\/www.animaguzzista.com\/wp-content\/uploads\/2015\/05\/Calincontro-Garganico-2015-Nello-castel-sant-angelo-006-150x150.jpg 150w, http:\/\/www.animaguzzista.com\/wp-content\/uploads\/2015\/05\/Calincontro-Garganico-2015-Nello-castel-sant-angelo-006-300x300.jpg 300w, http:\/\/www.animaguzzista.com\/wp-content\/uploads\/2015\/05\/Calincontro-Garganico-2015-Nello-castel-sant-angelo-006-100x100.jpg 100w\" sizes=\"(max-width: 150px) 100vw, 150px\" \/><\/a>\n\t\t\t<\/div><\/figure><figure class='gallery-item'>\n\t\t\t<div class='gallery-icon landscape'>\n\t\t\t\t<a href='http:\/\/www.animaguzzista.com\/?attachment_id=3627'><img loading=\"lazy\" decoding=\"async\" width=\"150\" height=\"150\" src=\"http:\/\/www.animaguzzista.com\/wp-content\/uploads\/2015\/05\/Calincontro-Garganico-2015-Nello-castel-sant-angelo-0071-150x150.jpg\" class=\"attachment-thumbnail size-thumbnail\" alt=\"\" srcset=\"http:\/\/www.animaguzzista.com\/wp-content\/uploads\/2015\/05\/Calincontro-Garganico-2015-Nello-castel-sant-angelo-0071-150x150.jpg 150w, http:\/\/www.animaguzzista.com\/wp-content\/uploads\/2015\/05\/Calincontro-Garganico-2015-Nello-castel-sant-angelo-0071-300x300.jpg 300w, http:\/\/www.animaguzzista.com\/wp-content\/uploads\/2015\/05\/Calincontro-Garganico-2015-Nello-castel-sant-angelo-0071-100x100.jpg 100w\" sizes=\"(max-width: 150px) 100vw, 150px\" \/><\/a>\n\t\t\t<\/div><\/figure><figure class='gallery-item'>\n\t\t\t<div class='gallery-icon landscape'>\n\t\t\t\t<a href='http:\/\/www.animaguzzista.com\/?attachment_id=3628'><img loading=\"lazy\" decoding=\"async\" width=\"150\" height=\"150\" src=\"http:\/\/www.animaguzzista.com\/wp-content\/uploads\/2015\/05\/Calincontro-Garganico-2015-Nello-castel-sant-angelo-010-150x150.jpg\" class=\"attachment-thumbnail size-thumbnail\" alt=\"\" srcset=\"http:\/\/www.animaguzzista.com\/wp-content\/uploads\/2015\/05\/Calincontro-Garganico-2015-Nello-castel-sant-angelo-010-150x150.jpg 150w, http:\/\/www.animaguzzista.com\/wp-content\/uploads\/2015\/05\/Calincontro-Garganico-2015-Nello-castel-sant-angelo-010-300x300.jpg 300w, http:\/\/www.animaguzzista.com\/wp-content\/uploads\/2015\/05\/Calincontro-Garganico-2015-Nello-castel-sant-angelo-010-100x100.jpg 100w\" sizes=\"(max-width: 150px) 100vw, 150px\" \/><\/a>\n\t\t\t<\/div><\/figure><figure class='gallery-item'>\n\t\t\t<div class='gallery-icon portrait'>\n\t\t\t\t<a href='http:\/\/www.animaguzzista.com\/?attachment_id=3629'><img loading=\"lazy\" decoding=\"async\" width=\"150\" height=\"150\" src=\"http:\/\/www.animaguzzista.com\/wp-content\/uploads\/2015\/05\/Calincontro-Garganico-2015-Nello-castel-sant-angelo-012-150x150.jpg\" class=\"attachment-thumbnail size-thumbnail\" alt=\"\" srcset=\"http:\/\/www.animaguzzista.com\/wp-content\/uploads\/2015\/05\/Calincontro-Garganico-2015-Nello-castel-sant-angelo-012-150x150.jpg 150w, http:\/\/www.animaguzzista.com\/wp-content\/uploads\/2015\/05\/Calincontro-Garganico-2015-Nello-castel-sant-angelo-012-300x300.jpg 300w, http:\/\/www.animaguzzista.com\/wp-content\/uploads\/2015\/05\/Calincontro-Garganico-2015-Nello-castel-sant-angelo-012-100x100.jpg 100w\" sizes=\"(max-width: 150px) 100vw, 150px\" \/><\/a>\n\t\t\t<\/div><\/figure><figure class='gallery-item'>\n\t\t\t<div class='gallery-icon portrait'>\n\t\t\t\t<a href='http:\/\/www.animaguzzista.com\/?attachment_id=3630'><img loading=\"lazy\" decoding=\"async\" width=\"150\" height=\"150\" src=\"http:\/\/www.animaguzzista.com\/wp-content\/uploads\/2015\/05\/Calincontro-Garganico-2015-Nello-castel-sant-angelo-013-150x150.jpg\" class=\"attachment-thumbnail size-thumbnail\" alt=\"\" srcset=\"http:\/\/www.animaguzzista.com\/wp-content\/uploads\/2015\/05\/Calincontro-Garganico-2015-Nello-castel-sant-angelo-013-150x150.jpg 150w, http:\/\/www.animaguzzista.com\/wp-content\/uploads\/2015\/05\/Calincontro-Garganico-2015-Nello-castel-sant-angelo-013-300x300.jpg 300w, http:\/\/www.animaguzzista.com\/wp-content\/uploads\/2015\/05\/Calincontro-Garganico-2015-Nello-castel-sant-angelo-013-100x100.jpg 100w\" sizes=\"(max-width: 150px) 100vw, 150px\" \/><\/a>\n\t\t\t<\/div><\/figure><figure class='gallery-item'>\n\t\t\t<div class='gallery-icon landscape'>\n\t\t\t\t<a href='http:\/\/www.animaguzzista.com\/?attachment_id=3631'><img loading=\"lazy\" decoding=\"async\" width=\"150\" height=\"150\" src=\"http:\/\/www.animaguzzista.com\/wp-content\/uploads\/2015\/05\/Calincontro-Garganico-2015-Nello-castel-sant-angelo-017-150x150.jpg\" class=\"attachment-thumbnail size-thumbnail\" alt=\"\" srcset=\"http:\/\/www.animaguzzista.com\/wp-content\/uploads\/2015\/05\/Calincontro-Garganico-2015-Nello-castel-sant-angelo-017-150x150.jpg 150w, http:\/\/www.animaguzzista.com\/wp-content\/uploads\/2015\/05\/Calincontro-Garganico-2015-Nello-castel-sant-angelo-017-300x300.jpg 300w, http:\/\/www.animaguzzista.com\/wp-content\/uploads\/2015\/05\/Calincontro-Garganico-2015-Nello-castel-sant-angelo-017-100x100.jpg 100w\" sizes=\"(max-width: 150px) 100vw, 150px\" \/><\/a>\n\t\t\t<\/div><\/figure><figure class='gallery-item'>\n\t\t\t<div class='gallery-icon portrait'>\n\t\t\t\t<a href='http:\/\/www.animaguzzista.com\/?attachment_id=3632'><img loading=\"lazy\" decoding=\"async\" width=\"150\" height=\"150\" src=\"http:\/\/www.animaguzzista.com\/wp-content\/uploads\/2015\/05\/Calincontro-Garganico-2015-Nello-castel-sant-angelo-018-150x150.jpg\" class=\"attachment-thumbnail size-thumbnail\" alt=\"\" srcset=\"http:\/\/www.animaguzzista.com\/wp-content\/uploads\/2015\/05\/Calincontro-Garganico-2015-Nello-castel-sant-angelo-018-150x150.jpg 150w, http:\/\/www.animaguzzista.com\/wp-content\/uploads\/2015\/05\/Calincontro-Garganico-2015-Nello-castel-sant-angelo-018-300x300.jpg 300w, http:\/\/www.animaguzzista.com\/wp-content\/uploads\/2015\/05\/Calincontro-Garganico-2015-Nello-castel-sant-angelo-018-100x100.jpg 100w\" sizes=\"(max-width: 150px) 100vw, 150px\" \/><\/a>\n\t\t\t<\/div><\/figure><figure class='gallery-item'>\n\t\t\t<div class='gallery-icon portrait'>\n\t\t\t\t<a href='http:\/\/www.animaguzzista.com\/?attachment_id=3633'><img loading=\"lazy\" decoding=\"async\" width=\"150\" height=\"150\" src=\"http:\/\/www.animaguzzista.com\/wp-content\/uploads\/2015\/05\/Calincontro-Garganico-2015-Nello-castel-sant-angelo-0191-150x150.jpg\" class=\"attachment-thumbnail size-thumbnail\" alt=\"\" srcset=\"http:\/\/www.animaguzzista.com\/wp-content\/uploads\/2015\/05\/Calincontro-Garganico-2015-Nello-castel-sant-angelo-0191-150x150.jpg 150w, http:\/\/www.animaguzzista.com\/wp-content\/uploads\/2015\/05\/Calincontro-Garganico-2015-Nello-castel-sant-angelo-0191-300x300.jpg 300w, http:\/\/www.animaguzzista.com\/wp-content\/uploads\/2015\/05\/Calincontro-Garganico-2015-Nello-castel-sant-angelo-0191-100x100.jpg 100w\" sizes=\"(max-width: 150px) 100vw, 150px\" \/><\/a>\n\t\t\t<\/div><\/figure><figure class='gallery-item'>\n\t\t\t<div class='gallery-icon landscape'>\n\t\t\t\t<a href='http:\/\/www.animaguzzista.com\/?attachment_id=3634'><img loading=\"lazy\" decoding=\"async\" width=\"150\" height=\"150\" src=\"http:\/\/www.animaguzzista.com\/wp-content\/uploads\/2015\/05\/Calincontro-Garganico-2015-Nello-castel-sant-angelo-020-150x150.jpg\" class=\"attachment-thumbnail size-thumbnail\" alt=\"\" srcset=\"http:\/\/www.animaguzzista.com\/wp-content\/uploads\/2015\/05\/Calincontro-Garganico-2015-Nello-castel-sant-angelo-020-150x150.jpg 150w, http:\/\/www.animaguzzista.com\/wp-content\/uploads\/2015\/05\/Calincontro-Garganico-2015-Nello-castel-sant-angelo-020-300x300.jpg 300w, http:\/\/www.animaguzzista.com\/wp-content\/uploads\/2015\/05\/Calincontro-Garganico-2015-Nello-castel-sant-angelo-020-100x100.jpg 100w\" sizes=\"(max-width: 150px) 100vw, 150px\" \/><\/a>\n\t\t\t<\/div><\/figure><figure class='gallery-item'>\n\t\t\t<div class='gallery-icon landscape'>\n\t\t\t\t<a href='http:\/\/www.animaguzzista.com\/?attachment_id=3635'><img loading=\"lazy\" decoding=\"async\" width=\"150\" height=\"150\" src=\"http:\/\/www.animaguzzista.com\/wp-content\/uploads\/2015\/05\/Calincontro-Garganico-2015-Nello-castel-sant-angelo-021-150x150.jpg\" class=\"attachment-thumbnail size-thumbnail\" alt=\"\" srcset=\"http:\/\/www.animaguzzista.com\/wp-content\/uploads\/2015\/05\/Calincontro-Garganico-2015-Nello-castel-sant-angelo-021-150x150.jpg 150w, http:\/\/www.animaguzzista.com\/wp-content\/uploads\/2015\/05\/Calincontro-Garganico-2015-Nello-castel-sant-angelo-021-300x300.jpg 300w, http:\/\/www.animaguzzista.com\/wp-content\/uploads\/2015\/05\/Calincontro-Garganico-2015-Nello-castel-sant-angelo-021-100x100.jpg 100w\" sizes=\"(max-width: 150px) 100vw, 150px\" \/><\/a>\n\t\t\t<\/div><\/figure><figure class='gallery-item'>\n\t\t\t<div class='gallery-icon portrait'>\n\t\t\t\t<a href='http:\/\/www.animaguzzista.com\/?attachment_id=3636'><img loading=\"lazy\" decoding=\"async\" width=\"150\" height=\"150\" src=\"http:\/\/www.animaguzzista.com\/wp-content\/uploads\/2015\/05\/Calincontro-Garganico-2015-Nello-castel-sant-angelo-022-150x150.jpg\" class=\"attachment-thumbnail size-thumbnail\" alt=\"\" srcset=\"http:\/\/www.animaguzzista.com\/wp-content\/uploads\/2015\/05\/Calincontro-Garganico-2015-Nello-castel-sant-angelo-022-150x150.jpg 150w, http:\/\/www.animaguzzista.com\/wp-content\/uploads\/2015\/05\/Calincontro-Garganico-2015-Nello-castel-sant-angelo-022-300x300.jpg 300w, http:\/\/www.animaguzzista.com\/wp-content\/uploads\/2015\/05\/Calincontro-Garganico-2015-Nello-castel-sant-angelo-022-100x100.jpg 100w\" sizes=\"(max-width: 150px) 100vw, 150px\" \/><\/a>\n\t\t\t<\/div><\/figure><figure class='gallery-item'>\n\t\t\t<div class='gallery-icon landscape'>\n\t\t\t\t<a href='http:\/\/www.animaguzzista.com\/?attachment_id=3637'><img loading=\"lazy\" decoding=\"async\" width=\"150\" height=\"150\" src=\"http:\/\/www.animaguzzista.com\/wp-content\/uploads\/2015\/05\/Calincontro-Garganico-2015-Nello-castel-sant-angelo-0231-150x150.jpg\" class=\"attachment-thumbnail size-thumbnail\" alt=\"\" srcset=\"http:\/\/www.animaguzzista.com\/wp-content\/uploads\/2015\/05\/Calincontro-Garganico-2015-Nello-castel-sant-angelo-0231-150x150.jpg 150w, http:\/\/www.animaguzzista.com\/wp-content\/uploads\/2015\/05\/Calincontro-Garganico-2015-Nello-castel-sant-angelo-0231-300x300.jpg 300w, http:\/\/www.animaguzzista.com\/wp-content\/uploads\/2015\/05\/Calincontro-Garganico-2015-Nello-castel-sant-angelo-0231-100x100.jpg 100w\" sizes=\"(max-width: 150px) 100vw, 150px\" \/><\/a>\n\t\t\t<\/div><\/figure><figure class='gallery-item'>\n\t\t\t<div class='gallery-icon landscape'>\n\t\t\t\t<a href='http:\/\/www.animaguzzista.com\/?attachment_id=3638'><img loading=\"lazy\" decoding=\"async\" width=\"150\" height=\"150\" src=\"http:\/\/www.animaguzzista.com\/wp-content\/uploads\/2015\/05\/Calincontro-Garganico-2015-Nello-castel-sant-angelo-0241-150x150.jpg\" class=\"attachment-thumbnail size-thumbnail\" alt=\"\" srcset=\"http:\/\/www.animaguzzista.com\/wp-content\/uploads\/2015\/05\/Calincontro-Garganico-2015-Nello-castel-sant-angelo-0241-150x150.jpg 150w, http:\/\/www.animaguzzista.com\/wp-content\/uploads\/2015\/05\/Calincontro-Garganico-2015-Nello-castel-sant-angelo-0241-300x300.jpg 300w, http:\/\/www.animaguzzista.com\/wp-content\/uploads\/2015\/05\/Calincontro-Garganico-2015-Nello-castel-sant-angelo-0241-100x100.jpg 100w\" sizes=\"(max-width: 150px) 100vw, 150px\" \/><\/a>\n\t\t\t<\/div><\/figure><figure class='gallery-item'>\n\t\t\t<div class='gallery-icon landscape'>\n\t\t\t\t<a href='http:\/\/www.animaguzzista.com\/?attachment_id=3639'><img loading=\"lazy\" decoding=\"async\" width=\"150\" height=\"150\" src=\"http:\/\/www.animaguzzista.com\/wp-content\/uploads\/2015\/05\/Calincontro-Garganico-2015-Nello-castel-sant-angelo-025-150x150.jpg\" class=\"attachment-thumbnail size-thumbnail\" alt=\"\" srcset=\"http:\/\/www.animaguzzista.com\/wp-content\/uploads\/2015\/05\/Calincontro-Garganico-2015-Nello-castel-sant-angelo-025-150x150.jpg 150w, http:\/\/www.animaguzzista.com\/wp-content\/uploads\/2015\/05\/Calincontro-Garganico-2015-Nello-castel-sant-angelo-025-300x300.jpg 300w, http:\/\/www.animaguzzista.com\/wp-content\/uploads\/2015\/05\/Calincontro-Garganico-2015-Nello-castel-sant-angelo-025-100x100.jpg 100w\" sizes=\"(max-width: 150px) 100vw, 150px\" \/><\/a>\n\t\t\t<\/div><\/figure>\n\t\t<\/div>\n\n<p>Al ritorno trovo sulla strada un gruppetto fermo intorno alla moto di Zio Vittorio, ha la gomma bucata. Riusciamo a gonfiarla alla meno peggio con una bomboletta riparagomme e raggiungiamo un distributore di Mattinata, dove con l&#8217;aiuto di alcune persone del posto, molto gentili,\u00a0 troviamo un gommista auto, che per\u00f2 non pu\u00f2 aiutarci. Cos\u00ec ci affidiamo al soccorso stradale che ci promette di ripararla per il luned\u00ec. Zio Vittorio diventa il mio passeggero fino alla fine del calincontro.<br \/>\nCena deliziosa a base di pesce presso il campeggio. Complimenti alla signora Marilina. Tasso alcolico tenuto abbastanza alto con numerosi &#8220;brindisini&#8221; e continuato nel dopocena con il solito sturalavandini, mirto, amaroamaro (usato anche come punizione).<\/p>\n<p>Domenica, giornata finale. Quasi. Dopo aver percorso la foresta umbra scendiamo verso San Giovanni Rotondo, ombellico del calincontro. La strada che sale a Borgo Celano passando per Rignano garganico e la pi\u00f9 bella, motociclisticamente parlando, di tutto l&#8217;incontro. Proseguendo per l&#8217;agriturismo di Stignano dobbiamo fare una sosta all&#8217;omonimo Convento per una processione, e con GianPaolo ne approffitiamo per una visita e qualche foto.<\/p>\n<div id='gallery-7' class='gallery galleryid-3560 gallery-columns-4 gallery-size-thumbnail'><figure class='gallery-item'>\n\t\t\t<div class='gallery-icon landscape'>\n\t\t\t\t<a href='http:\/\/www.animaguzzista.com\/?attachment_id=3641'><img loading=\"lazy\" decoding=\"async\" width=\"150\" height=\"150\" src=\"http:\/\/www.animaguzzista.com\/wp-content\/uploads\/2015\/05\/Calincontro-Garganico-2015-Nello-convento-Stignano-001-150x150.jpg\" class=\"attachment-thumbnail size-thumbnail\" alt=\"\" srcset=\"http:\/\/www.animaguzzista.com\/wp-content\/uploads\/2015\/05\/Calincontro-Garganico-2015-Nello-convento-Stignano-001-150x150.jpg 150w, http:\/\/www.animaguzzista.com\/wp-content\/uploads\/2015\/05\/Calincontro-Garganico-2015-Nello-convento-Stignano-001-300x300.jpg 300w, http:\/\/www.animaguzzista.com\/wp-content\/uploads\/2015\/05\/Calincontro-Garganico-2015-Nello-convento-Stignano-001-100x100.jpg 100w\" sizes=\"(max-width: 150px) 100vw, 150px\" \/><\/a>\n\t\t\t<\/div><\/figure><figure class='gallery-item'>\n\t\t\t<div class='gallery-icon landscape'>\n\t\t\t\t<a href='http:\/\/www.animaguzzista.com\/?attachment_id=3642'><img loading=\"lazy\" decoding=\"async\" width=\"150\" height=\"150\" src=\"http:\/\/www.animaguzzista.com\/wp-content\/uploads\/2015\/05\/Calincontro-Garganico-2015-Nello-convento-Stignano-002-150x150.jpg\" class=\"attachment-thumbnail size-thumbnail\" alt=\"\" srcset=\"http:\/\/www.animaguzzista.com\/wp-content\/uploads\/2015\/05\/Calincontro-Garganico-2015-Nello-convento-Stignano-002-150x150.jpg 150w, http:\/\/www.animaguzzista.com\/wp-content\/uploads\/2015\/05\/Calincontro-Garganico-2015-Nello-convento-Stignano-002-300x300.jpg 300w, http:\/\/www.animaguzzista.com\/wp-content\/uploads\/2015\/05\/Calincontro-Garganico-2015-Nello-convento-Stignano-002-100x100.jpg 100w\" sizes=\"(max-width: 150px) 100vw, 150px\" \/><\/a>\n\t\t\t<\/div><\/figure><figure class='gallery-item'>\n\t\t\t<div class='gallery-icon landscape'>\n\t\t\t\t<a href='http:\/\/www.animaguzzista.com\/?attachment_id=3643'><img loading=\"lazy\" decoding=\"async\" width=\"150\" height=\"150\" src=\"http:\/\/www.animaguzzista.com\/wp-content\/uploads\/2015\/05\/Calincontro-Garganico-2015-Nello-convento-Stignano-003-150x150.jpg\" class=\"attachment-thumbnail size-thumbnail\" alt=\"\" srcset=\"http:\/\/www.animaguzzista.com\/wp-content\/uploads\/2015\/05\/Calincontro-Garganico-2015-Nello-convento-Stignano-003-150x150.jpg 150w, http:\/\/www.animaguzzista.com\/wp-content\/uploads\/2015\/05\/Calincontro-Garganico-2015-Nello-convento-Stignano-003-300x300.jpg 300w, http:\/\/www.animaguzzista.com\/wp-content\/uploads\/2015\/05\/Calincontro-Garganico-2015-Nello-convento-Stignano-003-100x100.jpg 100w\" sizes=\"(max-width: 150px) 100vw, 150px\" \/><\/a>\n\t\t\t<\/div><\/figure><figure class='gallery-item'>\n\t\t\t<div class='gallery-icon landscape'>\n\t\t\t\t<a href='http:\/\/www.animaguzzista.com\/?attachment_id=3644'><img loading=\"lazy\" decoding=\"async\" width=\"150\" height=\"150\" src=\"http:\/\/www.animaguzzista.com\/wp-content\/uploads\/2015\/05\/Calincontro-Garganico-2015-Nello-convento-Stignano-004-150x150.jpg\" class=\"attachment-thumbnail size-thumbnail\" alt=\"\" srcset=\"http:\/\/www.animaguzzista.com\/wp-content\/uploads\/2015\/05\/Calincontro-Garganico-2015-Nello-convento-Stignano-004-150x150.jpg 150w, http:\/\/www.animaguzzista.com\/wp-content\/uploads\/2015\/05\/Calincontro-Garganico-2015-Nello-convento-Stignano-004-300x300.jpg 300w, http:\/\/www.animaguzzista.com\/wp-content\/uploads\/2015\/05\/Calincontro-Garganico-2015-Nello-convento-Stignano-004-100x100.jpg 100w\" sizes=\"(max-width: 150px) 100vw, 150px\" \/><\/a>\n\t\t\t<\/div><\/figure><figure class='gallery-item'>\n\t\t\t<div class='gallery-icon portrait'>\n\t\t\t\t<a href='http:\/\/www.animaguzzista.com\/?attachment_id=3645'><img loading=\"lazy\" decoding=\"async\" width=\"150\" height=\"150\" src=\"http:\/\/www.animaguzzista.com\/wp-content\/uploads\/2015\/05\/Calincontro-Garganico-2015-Nello-convento-Stignano-006-150x150.jpg\" class=\"attachment-thumbnail size-thumbnail\" alt=\"\" srcset=\"http:\/\/www.animaguzzista.com\/wp-content\/uploads\/2015\/05\/Calincontro-Garganico-2015-Nello-convento-Stignano-006-150x150.jpg 150w, http:\/\/www.animaguzzista.com\/wp-content\/uploads\/2015\/05\/Calincontro-Garganico-2015-Nello-convento-Stignano-006-300x300.jpg 300w, http:\/\/www.animaguzzista.com\/wp-content\/uploads\/2015\/05\/Calincontro-Garganico-2015-Nello-convento-Stignano-006-100x100.jpg 100w\" sizes=\"(max-width: 150px) 100vw, 150px\" \/><\/a>\n\t\t\t<\/div><\/figure><figure class='gallery-item'>\n\t\t\t<div class='gallery-icon landscape'>\n\t\t\t\t<a href='http:\/\/www.animaguzzista.com\/?attachment_id=3646'><img loading=\"lazy\" decoding=\"async\" width=\"150\" height=\"150\" src=\"http:\/\/www.animaguzzista.com\/wp-content\/uploads\/2015\/05\/Calincontro-Garganico-2015-Fabio-007-150x150.jpg\" class=\"attachment-thumbnail size-thumbnail\" alt=\"\" srcset=\"http:\/\/www.animaguzzista.com\/wp-content\/uploads\/2015\/05\/Calincontro-Garganico-2015-Fabio-007-150x150.jpg 150w, http:\/\/www.animaguzzista.com\/wp-content\/uploads\/2015\/05\/Calincontro-Garganico-2015-Fabio-007-300x300.jpg 300w, http:\/\/www.animaguzzista.com\/wp-content\/uploads\/2015\/05\/Calincontro-Garganico-2015-Fabio-007-100x100.jpg 100w\" sizes=\"(max-width: 150px) 100vw, 150px\" \/><\/a>\n\t\t\t<\/div><\/figure><figure class='gallery-item'>\n\t\t\t<div class='gallery-icon landscape'>\n\t\t\t\t<a href='http:\/\/www.animaguzzista.com\/?attachment_id=3647'><img loading=\"lazy\" decoding=\"async\" width=\"150\" height=\"150\" src=\"http:\/\/www.animaguzzista.com\/wp-content\/uploads\/2015\/05\/Calincontro-Garganico-2015-Fabio-010-150x150.jpg\" class=\"attachment-thumbnail size-thumbnail\" alt=\"\" srcset=\"http:\/\/www.animaguzzista.com\/wp-content\/uploads\/2015\/05\/Calincontro-Garganico-2015-Fabio-010-150x150.jpg 150w, http:\/\/www.animaguzzista.com\/wp-content\/uploads\/2015\/05\/Calincontro-Garganico-2015-Fabio-010-300x300.jpg 300w, http:\/\/www.animaguzzista.com\/wp-content\/uploads\/2015\/05\/Calincontro-Garganico-2015-Fabio-010-100x100.jpg 100w\" sizes=\"(max-width: 150px) 100vw, 150px\" \/><\/a>\n\t\t\t<\/div><\/figure><figure class='gallery-item'>\n\t\t\t<div class='gallery-icon landscape'>\n\t\t\t\t<a href='http:\/\/www.animaguzzista.com\/?attachment_id=3648'><img loading=\"lazy\" decoding=\"async\" width=\"150\" height=\"150\" src=\"http:\/\/www.animaguzzista.com\/wp-content\/uploads\/2015\/05\/Calincontro-Garganico-2015-Fabio-011-150x150.jpg\" class=\"attachment-thumbnail size-thumbnail\" alt=\"\" srcset=\"http:\/\/www.animaguzzista.com\/wp-content\/uploads\/2015\/05\/Calincontro-Garganico-2015-Fabio-011-150x150.jpg 150w, http:\/\/www.animaguzzista.com\/wp-content\/uploads\/2015\/05\/Calincontro-Garganico-2015-Fabio-011-300x300.jpg 300w, http:\/\/www.animaguzzista.com\/wp-content\/uploads\/2015\/05\/Calincontro-Garganico-2015-Fabio-011-100x100.jpg 100w\" sizes=\"(max-width: 150px) 100vw, 150px\" \/><\/a>\n\t\t\t<\/div><\/figure>\n\t\t<\/div>\n\n<p>Al ritorno foto di gruppo degli ultimi rimasti sul belvedere di Manfredonia e poi sosta per una birra sulla spiaggia di Mattina<\/p>\n<div id='gallery-8' class='gallery galleryid-3560 gallery-columns-3 gallery-size-thumbnail'><figure class='gallery-item'>\n\t\t\t<div class='gallery-icon landscape'>\n\t\t\t\t<a href='http:\/\/www.animaguzzista.com\/?attachment_id=3671'><img loading=\"lazy\" decoding=\"async\" width=\"150\" height=\"150\" src=\"http:\/\/www.animaguzzista.com\/wp-content\/uploads\/2015\/05\/Calincontro-Garganico-2015-Nello-vista-Manfredonia-004-150x150.jpg\" class=\"attachment-thumbnail size-thumbnail\" alt=\"\" srcset=\"http:\/\/www.animaguzzista.com\/wp-content\/uploads\/2015\/05\/Calincontro-Garganico-2015-Nello-vista-Manfredonia-004-150x150.jpg 150w, http:\/\/www.animaguzzista.com\/wp-content\/uploads\/2015\/05\/Calincontro-Garganico-2015-Nello-vista-Manfredonia-004-300x300.jpg 300w, http:\/\/www.animaguzzista.com\/wp-content\/uploads\/2015\/05\/Calincontro-Garganico-2015-Nello-vista-Manfredonia-004-100x100.jpg 100w\" sizes=\"(max-width: 150px) 100vw, 150px\" \/><\/a>\n\t\t\t<\/div><\/figure><figure class='gallery-item'>\n\t\t\t<div class='gallery-icon landscape'>\n\t\t\t\t<a href='http:\/\/www.animaguzzista.com\/?attachment_id=3672'><img loading=\"lazy\" decoding=\"async\" width=\"150\" height=\"150\" src=\"http:\/\/www.animaguzzista.com\/wp-content\/uploads\/2015\/05\/Calincontro-Garganico-2015-Nello-vista-Manfredonia-0061-150x150.jpg\" class=\"attachment-thumbnail size-thumbnail\" alt=\"\" srcset=\"http:\/\/www.animaguzzista.com\/wp-content\/uploads\/2015\/05\/Calincontro-Garganico-2015-Nello-vista-Manfredonia-0061-150x150.jpg 150w, http:\/\/www.animaguzzista.com\/wp-content\/uploads\/2015\/05\/Calincontro-Garganico-2015-Nello-vista-Manfredonia-0061-300x300.jpg 300w, http:\/\/www.animaguzzista.com\/wp-content\/uploads\/2015\/05\/Calincontro-Garganico-2015-Nello-vista-Manfredonia-0061-100x100.jpg 100w\" sizes=\"(max-width: 150px) 100vw, 150px\" \/><\/a>\n\t\t\t<\/div><\/figure><figure class='gallery-item'>\n\t\t\t<div class='gallery-icon landscape'>\n\t\t\t\t<a href='http:\/\/www.animaguzzista.com\/?attachment_id=3673'><img loading=\"lazy\" decoding=\"async\" width=\"150\" height=\"150\" src=\"http:\/\/www.animaguzzista.com\/wp-content\/uploads\/2015\/05\/Calincontro-Garganico-2015-Nello-vista-Manfredonia-0071-150x150.jpg\" class=\"attachment-thumbnail size-thumbnail\" alt=\"\" srcset=\"http:\/\/www.animaguzzista.com\/wp-content\/uploads\/2015\/05\/Calincontro-Garganico-2015-Nello-vista-Manfredonia-0071-150x150.jpg 150w, http:\/\/www.animaguzzista.com\/wp-content\/uploads\/2015\/05\/Calincontro-Garganico-2015-Nello-vista-Manfredonia-0071-300x300.jpg 300w, http:\/\/www.animaguzzista.com\/wp-content\/uploads\/2015\/05\/Calincontro-Garganico-2015-Nello-vista-Manfredonia-0071-100x100.jpg 100w\" sizes=\"(max-width: 150px) 100vw, 150px\" \/><\/a>\n\t\t\t<\/div><\/figure>\n\t\t<\/div>\n\n<p>Luned\u00ec bagagli, Piero carica sulla moto di Tatiana la borsa di ZioVittorio, Gianni lo Zio e si parte. Non prima di ricevere in dono da Fabio una scorta di ciambelline e caciocavallo avanzato dal picnic del sabato. A Manfredonia Vittorio recupera la moto dal gommista, fiaccamo benza, saluti e l&#8217;ultimo gruppetto fa rotta per il lago di Bomba vicino alla Majella. Non mi faccio mancare una deviazione non voluta per Apricena.<br \/>\nLa strada che porta al lago \u00e8 un tormento, completamente franata. Alla sosta benza ci suggeriscono di scendere e prendere la superstrada perch\u00e9 pi\u00f9 avanti \u00e8 anche interrotta. Nel pomeriggio riusciamo a raggiungere il lago. Sosta, vorrei visitare il paese di Pietraferrazzana ma si \u00e8 fatto tardi, anche per tornare a casa, e decido di fermarmi insieme a Piero, Maria e Gianni. Dopo un po di tentativi riusciamo a trovare un B&amp;B aperto a S. Vito Chietino. Cenetta simpatica a base di fritto misto di pesce e visita al centro storico. Il marted\u00ec ci separiamo all&#8217;altezza di Chieti, Piero e Maria destinazione Rovigo, Gianni alle orobie, io Roma.<br \/>\nVisto che c&#8217;\u00e8 tempo ne approfitto per visitare il centro storico di Popoli e la Rocca dei Borgia a Subiaco, dove faccio anche una sosta birretta e cerco di finire il caciocavallo. Un paio di sublacensi si siedono al mio tavolo per chiedermi come va la California, da dove vengo, dove vado &#8230;<\/p>\n<div id='gallery-9' class='gallery galleryid-3560 gallery-columns-5 gallery-size-thumbnail'><figure class='gallery-item'>\n\t\t\t<div class='gallery-icon landscape'>\n\t\t\t\t<a href='http:\/\/www.animaguzzista.com\/?attachment_id=3700'><img loading=\"lazy\" decoding=\"async\" width=\"150\" height=\"150\" src=\"http:\/\/www.animaguzzista.com\/wp-content\/uploads\/2015\/05\/Calincontro-Garganico-2015-GPBertch-036-150x150.jpg\" class=\"attachment-thumbnail size-thumbnail\" alt=\"\" aria-describedby=\"gallery-9-3700\" srcset=\"http:\/\/www.animaguzzista.com\/wp-content\/uploads\/2015\/05\/Calincontro-Garganico-2015-GPBertch-036-150x150.jpg 150w, http:\/\/www.animaguzzista.com\/wp-content\/uploads\/2015\/05\/Calincontro-Garganico-2015-GPBertch-036-300x300.jpg 300w, http:\/\/www.animaguzzista.com\/wp-content\/uploads\/2015\/05\/Calincontro-Garganico-2015-GPBertch-036-100x100.jpg 100w\" sizes=\"(max-width: 150px) 100vw, 150px\" \/><\/a>\n\t\t\t<\/div>\n\t\t\t\t<figcaption class='wp-caption-text gallery-caption' id='gallery-9-3700'>\n\t\t\t\tBagagli Zio Vittorio\n\t\t\t\t<\/figcaption><\/figure><figure class='gallery-item'>\n\t\t\t<div class='gallery-icon portrait'>\n\t\t\t\t<a href='http:\/\/www.animaguzzista.com\/?attachment_id=3483'><img loading=\"lazy\" decoding=\"async\" width=\"150\" height=\"150\" src=\"http:\/\/www.animaguzzista.com\/wp-content\/uploads\/2015\/05\/Calincontro-Garganico-2015-GPBertch-019-150x150.jpg\" class=\"attachment-thumbnail size-thumbnail\" alt=\"\" aria-describedby=\"gallery-9-3483\" srcset=\"http:\/\/www.animaguzzista.com\/wp-content\/uploads\/2015\/05\/Calincontro-Garganico-2015-GPBertch-019-150x150.jpg 150w, http:\/\/www.animaguzzista.com\/wp-content\/uploads\/2015\/05\/Calincontro-Garganico-2015-GPBertch-019-300x300.jpg 300w, http:\/\/www.animaguzzista.com\/wp-content\/uploads\/2015\/05\/Calincontro-Garganico-2015-GPBertch-019-100x100.jpg 100w\" sizes=\"(max-width: 150px) 100vw, 150px\" \/><\/a>\n\t\t\t<\/div>\n\t\t\t\t<figcaption class='wp-caption-text gallery-caption' id='gallery-9-3483'>\n\t\t\t\tresti di caciocavallo\n\t\t\t\t<\/figcaption><\/figure><figure class='gallery-item'>\n\t\t\t<div class='gallery-icon portrait'>\n\t\t\t\t<a href='http:\/\/www.animaguzzista.com\/?attachment_id=3684'><img loading=\"lazy\" decoding=\"async\" width=\"150\" height=\"150\" src=\"http:\/\/www.animaguzzista.com\/wp-content\/uploads\/2015\/05\/IMG_20150504_1725311-150x150.jpg\" class=\"attachment-thumbnail size-thumbnail\" alt=\"Lago di Bomba Chieti\" aria-describedby=\"gallery-9-3684\" srcset=\"http:\/\/www.animaguzzista.com\/wp-content\/uploads\/2015\/05\/IMG_20150504_1725311-150x150.jpg 150w, http:\/\/www.animaguzzista.com\/wp-content\/uploads\/2015\/05\/IMG_20150504_1725311-300x300.jpg 300w, http:\/\/www.animaguzzista.com\/wp-content\/uploads\/2015\/05\/IMG_20150504_1725311-100x100.jpg 100w\" sizes=\"(max-width: 150px) 100vw, 150px\" \/><\/a>\n\t\t\t<\/div>\n\t\t\t\t<figcaption class='wp-caption-text gallery-caption' id='gallery-9-3684'>\n\t\t\t\tPietrasferrazzana\n\t\t\t\t<\/figcaption><\/figure><figure class='gallery-item'>\n\t\t\t<div class='gallery-icon landscape'>\n\t\t\t\t<a href='http:\/\/www.animaguzzista.com\/?attachment_id=3685'><img loading=\"lazy\" decoding=\"async\" width=\"150\" height=\"150\" src=\"http:\/\/www.animaguzzista.com\/wp-content\/uploads\/2015\/05\/IMG_20150504_1734491-150x150.jpg\" class=\"attachment-thumbnail size-thumbnail\" alt=\"Lago di Bomba Chieti\" srcset=\"http:\/\/www.animaguzzista.com\/wp-content\/uploads\/2015\/05\/IMG_20150504_1734491-150x150.jpg 150w, http:\/\/www.animaguzzista.com\/wp-content\/uploads\/2015\/05\/IMG_20150504_1734491-300x300.jpg 300w, http:\/\/www.animaguzzista.com\/wp-content\/uploads\/2015\/05\/IMG_20150504_1734491-100x100.jpg 100w\" sizes=\"(max-width: 150px) 100vw, 150px\" \/><\/a>\n\t\t\t<\/div><\/figure><figure class='gallery-item'>\n\t\t\t<div class='gallery-icon landscape'>\n\t\t\t\t<a href='http:\/\/www.animaguzzista.com\/?attachment_id=3686'><img loading=\"lazy\" decoding=\"async\" width=\"150\" height=\"150\" src=\"http:\/\/www.animaguzzista.com\/wp-content\/uploads\/2015\/05\/IMG_20150504_1746481-150x150.jpg\" class=\"attachment-thumbnail size-thumbnail\" alt=\"Lago di Bomba Chieti\" aria-describedby=\"gallery-9-3686\" srcset=\"http:\/\/www.animaguzzista.com\/wp-content\/uploads\/2015\/05\/IMG_20150504_1746481-150x150.jpg 150w, http:\/\/www.animaguzzista.com\/wp-content\/uploads\/2015\/05\/IMG_20150504_1746481-300x300.jpg 300w, http:\/\/www.animaguzzista.com\/wp-content\/uploads\/2015\/05\/IMG_20150504_1746481-100x100.jpg 100w\" sizes=\"(max-width: 150px) 100vw, 150px\" \/><\/a>\n\t\t\t<\/div>\n\t\t\t\t<figcaption class='wp-caption-text gallery-caption' id='gallery-9-3686'>\n\t\t\t\tPietrasferrazzana, sosta\n\t\t\t\t<\/figcaption><\/figure><figure class='gallery-item'>\n\t\t\t<div class='gallery-icon portrait'>\n\t\t\t\t<a href='http:\/\/www.animaguzzista.com\/?attachment_id=3687'><img loading=\"lazy\" decoding=\"async\" width=\"150\" height=\"150\" src=\"http:\/\/www.animaguzzista.com\/wp-content\/uploads\/2015\/05\/Calincontro-Garganico-2015-Nello-S.-Vito-Chietino-001-150x150.jpg\" class=\"attachment-thumbnail size-thumbnail\" alt=\"\" aria-describedby=\"gallery-9-3687\" srcset=\"http:\/\/www.animaguzzista.com\/wp-content\/uploads\/2015\/05\/Calincontro-Garganico-2015-Nello-S.-Vito-Chietino-001-150x150.jpg 150w, http:\/\/www.animaguzzista.com\/wp-content\/uploads\/2015\/05\/Calincontro-Garganico-2015-Nello-S.-Vito-Chietino-001-300x300.jpg 300w, http:\/\/www.animaguzzista.com\/wp-content\/uploads\/2015\/05\/Calincontro-Garganico-2015-Nello-S.-Vito-Chietino-001-100x100.jpg 100w\" sizes=\"(max-width: 150px) 100vw, 150px\" \/><\/a>\n\t\t\t<\/div>\n\t\t\t\t<figcaption class='wp-caption-text gallery-caption' id='gallery-9-3687'>\n\t\t\t\tS. Vito Chietino, fastfood\n\t\t\t\t<\/figcaption><\/figure><figure class='gallery-item'>\n\t\t\t<div class='gallery-icon landscape'>\n\t\t\t\t<a href='http:\/\/www.animaguzzista.com\/?attachment_id=3688'><img loading=\"lazy\" decoding=\"async\" width=\"150\" height=\"150\" src=\"http:\/\/www.animaguzzista.com\/wp-content\/uploads\/2015\/05\/Calincontro-Garganico-2015-Nello-S.-Vito-Chietino-002-150x150.jpg\" class=\"attachment-thumbnail size-thumbnail\" alt=\"\" srcset=\"http:\/\/www.animaguzzista.com\/wp-content\/uploads\/2015\/05\/Calincontro-Garganico-2015-Nello-S.-Vito-Chietino-002-150x150.jpg 150w, http:\/\/www.animaguzzista.com\/wp-content\/uploads\/2015\/05\/Calincontro-Garganico-2015-Nello-S.-Vito-Chietino-002-300x300.jpg 300w, http:\/\/www.animaguzzista.com\/wp-content\/uploads\/2015\/05\/Calincontro-Garganico-2015-Nello-S.-Vito-Chietino-002-100x100.jpg 100w\" sizes=\"(max-width: 150px) 100vw, 150px\" \/><\/a>\n\t\t\t<\/div><\/figure><figure class='gallery-item'>\n\t\t\t<div class='gallery-icon portrait'>\n\t\t\t\t<a href='http:\/\/www.animaguzzista.com\/?attachment_id=3689'><img loading=\"lazy\" decoding=\"async\" width=\"150\" height=\"150\" src=\"http:\/\/www.animaguzzista.com\/wp-content\/uploads\/2015\/05\/Calincontro-Garganico-2015-Nello-S.-Vito-Chietino-004-150x150.jpg\" class=\"attachment-thumbnail size-thumbnail\" alt=\"\" srcset=\"http:\/\/www.animaguzzista.com\/wp-content\/uploads\/2015\/05\/Calincontro-Garganico-2015-Nello-S.-Vito-Chietino-004-150x150.jpg 150w, http:\/\/www.animaguzzista.com\/wp-content\/uploads\/2015\/05\/Calincontro-Garganico-2015-Nello-S.-Vito-Chietino-004-300x300.jpg 300w, http:\/\/www.animaguzzista.com\/wp-content\/uploads\/2015\/05\/Calincontro-Garganico-2015-Nello-S.-Vito-Chietino-004-100x100.jpg 100w\" sizes=\"(max-width: 150px) 100vw, 150px\" \/><\/a>\n\t\t\t<\/div><\/figure><figure class='gallery-item'>\n\t\t\t<div class='gallery-icon landscape'>\n\t\t\t\t<a href='http:\/\/www.animaguzzista.com\/?attachment_id=3690'><img loading=\"lazy\" decoding=\"async\" width=\"150\" height=\"150\" src=\"http:\/\/www.animaguzzista.com\/wp-content\/uploads\/2015\/05\/Calincontro-Garganico-2015-Nello-S.-Vito-Chietino-007-150x150.jpg\" class=\"attachment-thumbnail size-thumbnail\" alt=\"\" aria-describedby=\"gallery-9-3690\" srcset=\"http:\/\/www.animaguzzista.com\/wp-content\/uploads\/2015\/05\/Calincontro-Garganico-2015-Nello-S.-Vito-Chietino-007-150x150.jpg 150w, http:\/\/www.animaguzzista.com\/wp-content\/uploads\/2015\/05\/Calincontro-Garganico-2015-Nello-S.-Vito-Chietino-007-300x300.jpg 300w, http:\/\/www.animaguzzista.com\/wp-content\/uploads\/2015\/05\/Calincontro-Garganico-2015-Nello-S.-Vito-Chietino-007-100x100.jpg 100w\" sizes=\"(max-width: 150px) 100vw, 150px\" \/><\/a>\n\t\t\t<\/div>\n\t\t\t\t<figcaption class='wp-caption-text gallery-caption' id='gallery-9-3690'>\n\t\t\t\tS. Vito Chietino, belvedere\n\t\t\t\t<\/figcaption><\/figure><figure class='gallery-item'>\n\t\t\t<div class='gallery-icon landscape'>\n\t\t\t\t<a href='http:\/\/www.animaguzzista.com\/?attachment_id=3691'><img loading=\"lazy\" decoding=\"async\" width=\"150\" height=\"150\" src=\"http:\/\/www.animaguzzista.com\/wp-content\/uploads\/2015\/05\/IMG_20150505_113952-150x150.jpg\" class=\"attachment-thumbnail size-thumbnail\" alt=\"\" aria-describedby=\"gallery-9-3691\" srcset=\"http:\/\/www.animaguzzista.com\/wp-content\/uploads\/2015\/05\/IMG_20150505_113952-150x150.jpg 150w, http:\/\/www.animaguzzista.com\/wp-content\/uploads\/2015\/05\/IMG_20150505_113952-300x300.jpg 300w, http:\/\/www.animaguzzista.com\/wp-content\/uploads\/2015\/05\/IMG_20150505_113952-100x100.jpg 100w\" sizes=\"(max-width: 150px) 100vw, 150px\" \/><\/a>\n\t\t\t<\/div>\n\t\t\t\t<figcaption class='wp-caption-text gallery-caption' id='gallery-9-3691'>\n\t\t\t\tPopoli\n\t\t\t\t<\/figcaption><\/figure><figure class='gallery-item'>\n\t\t\t<div class='gallery-icon portrait'>\n\t\t\t\t<a href='http:\/\/www.animaguzzista.com\/?attachment_id=3692'><img loading=\"lazy\" decoding=\"async\" width=\"150\" height=\"150\" src=\"http:\/\/www.animaguzzista.com\/wp-content\/uploads\/2015\/05\/IMG_20150505_114614-150x150.jpg\" class=\"attachment-thumbnail size-thumbnail\" alt=\"\" srcset=\"http:\/\/www.animaguzzista.com\/wp-content\/uploads\/2015\/05\/IMG_20150505_114614-150x150.jpg 150w, http:\/\/www.animaguzzista.com\/wp-content\/uploads\/2015\/05\/IMG_20150505_114614-300x300.jpg 300w, http:\/\/www.animaguzzista.com\/wp-content\/uploads\/2015\/05\/IMG_20150505_114614-100x100.jpg 100w\" sizes=\"(max-width: 150px) 100vw, 150px\" \/><\/a>\n\t\t\t<\/div><\/figure><figure class='gallery-item'>\n\t\t\t<div class='gallery-icon landscape'>\n\t\t\t\t<a href='http:\/\/www.animaguzzista.com\/?attachment_id=3693'><img loading=\"lazy\" decoding=\"async\" width=\"150\" height=\"150\" src=\"http:\/\/www.animaguzzista.com\/wp-content\/uploads\/2015\/05\/IMG_20150505_120110-150x150.jpg\" class=\"attachment-thumbnail size-thumbnail\" alt=\"\" srcset=\"http:\/\/www.animaguzzista.com\/wp-content\/uploads\/2015\/05\/IMG_20150505_120110-150x150.jpg 150w, http:\/\/www.animaguzzista.com\/wp-content\/uploads\/2015\/05\/IMG_20150505_120110-300x300.jpg 300w, http:\/\/www.animaguzzista.com\/wp-content\/uploads\/2015\/05\/IMG_20150505_120110-100x100.jpg 100w\" sizes=\"(max-width: 150px) 100vw, 150px\" \/><\/a>\n\t\t\t<\/div><\/figure><figure class='gallery-item'>\n\t\t\t<div class='gallery-icon landscape'>\n\t\t\t\t<a href='http:\/\/www.animaguzzista.com\/?attachment_id=3694'><img loading=\"lazy\" decoding=\"async\" width=\"150\" height=\"150\" src=\"http:\/\/www.animaguzzista.com\/wp-content\/uploads\/2015\/05\/IMG_20150505_121057-150x150.jpg\" class=\"attachment-thumbnail size-thumbnail\" alt=\"\" srcset=\"http:\/\/www.animaguzzista.com\/wp-content\/uploads\/2015\/05\/IMG_20150505_121057-150x150.jpg 150w, http:\/\/www.animaguzzista.com\/wp-content\/uploads\/2015\/05\/IMG_20150505_121057-300x300.jpg 300w, http:\/\/www.animaguzzista.com\/wp-content\/uploads\/2015\/05\/IMG_20150505_121057-100x100.jpg 100w\" sizes=\"(max-width: 150px) 100vw, 150px\" \/><\/a>\n\t\t\t<\/div><\/figure><figure class='gallery-item'>\n\t\t\t<div class='gallery-icon landscape'>\n\t\t\t\t<a href='http:\/\/www.animaguzzista.com\/?attachment_id=3695'><img loading=\"lazy\" decoding=\"async\" width=\"150\" height=\"150\" src=\"http:\/\/www.animaguzzista.com\/wp-content\/uploads\/2015\/05\/IMG_20150505_122139-150x150.jpg\" class=\"attachment-thumbnail size-thumbnail\" alt=\"\" srcset=\"http:\/\/www.animaguzzista.com\/wp-content\/uploads\/2015\/05\/IMG_20150505_122139-150x150.jpg 150w, http:\/\/www.animaguzzista.com\/wp-content\/uploads\/2015\/05\/IMG_20150505_122139-300x300.jpg 300w, http:\/\/www.animaguzzista.com\/wp-content\/uploads\/2015\/05\/IMG_20150505_122139-100x100.jpg 100w\" sizes=\"(max-width: 150px) 100vw, 150px\" \/><\/a>\n\t\t\t<\/div><\/figure><figure class='gallery-item'>\n\t\t\t<div class='gallery-icon landscape'>\n\t\t\t\t<a href='http:\/\/www.animaguzzista.com\/?attachment_id=3696'><img loading=\"lazy\" decoding=\"async\" width=\"150\" height=\"150\" src=\"http:\/\/www.animaguzzista.com\/wp-content\/uploads\/2015\/05\/IMG_20150505_160819-150x150.jpg\" class=\"attachment-thumbnail size-thumbnail\" alt=\"\" srcset=\"http:\/\/www.animaguzzista.com\/wp-content\/uploads\/2015\/05\/IMG_20150505_160819-150x150.jpg 150w, http:\/\/www.animaguzzista.com\/wp-content\/uploads\/2015\/05\/IMG_20150505_160819-300x300.jpg 300w, http:\/\/www.animaguzzista.com\/wp-content\/uploads\/2015\/05\/IMG_20150505_160819-100x100.jpg 100w\" sizes=\"(max-width: 150px) 100vw, 150px\" \/><\/a>\n\t\t\t<\/div><\/figure><figure class='gallery-item'>\n\t\t\t<div class='gallery-icon portrait'>\n\t\t\t\t<a href='http:\/\/www.animaguzzista.com\/?attachment_id=3697'><img loading=\"lazy\" decoding=\"async\" width=\"150\" height=\"150\" src=\"http:\/\/www.animaguzzista.com\/wp-content\/uploads\/2015\/05\/IMG_20150505_163527-150x150.jpg\" class=\"attachment-thumbnail size-thumbnail\" alt=\"\" aria-describedby=\"gallery-9-3697\" srcset=\"http:\/\/www.animaguzzista.com\/wp-content\/uploads\/2015\/05\/IMG_20150505_163527-150x150.jpg 150w, http:\/\/www.animaguzzista.com\/wp-content\/uploads\/2015\/05\/IMG_20150505_163527-300x300.jpg 300w, http:\/\/www.animaguzzista.com\/wp-content\/uploads\/2015\/05\/IMG_20150505_163527-100x100.jpg 100w\" sizes=\"(max-width: 150px) 100vw, 150px\" \/><\/a>\n\t\t\t<\/div>\n\t\t\t\t<figcaption class='wp-caption-text gallery-caption' id='gallery-9-3697'>\n\t\t\t\tSubiaco Rocca dei Borgia\n\t\t\t\t<\/figcaption><\/figure><figure class='gallery-item'>\n\t\t\t<div class='gallery-icon landscape'>\n\t\t\t\t<a href='http:\/\/www.animaguzzista.com\/?attachment_id=3698'><img loading=\"lazy\" decoding=\"async\" width=\"150\" height=\"150\" src=\"http:\/\/www.animaguzzista.com\/wp-content\/uploads\/2015\/05\/IMG_20150505_163925-150x150.jpg\" class=\"attachment-thumbnail size-thumbnail\" alt=\"\" srcset=\"http:\/\/www.animaguzzista.com\/wp-content\/uploads\/2015\/05\/IMG_20150505_163925-150x150.jpg 150w, http:\/\/www.animaguzzista.com\/wp-content\/uploads\/2015\/05\/IMG_20150505_163925-300x300.jpg 300w, http:\/\/www.animaguzzista.com\/wp-content\/uploads\/2015\/05\/IMG_20150505_163925-100x100.jpg 100w\" sizes=\"(max-width: 150px) 100vw, 150px\" \/><\/a>\n\t\t\t<\/div><\/figure><figure class='gallery-item'>\n\t\t\t<div class='gallery-icon landscape'>\n\t\t\t\t<a href='http:\/\/www.animaguzzista.com\/?attachment_id=3699'><img loading=\"lazy\" decoding=\"async\" width=\"150\" height=\"150\" src=\"http:\/\/www.animaguzzista.com\/wp-content\/uploads\/2015\/05\/IMG_20150505_165409-150x150.jpg\" class=\"attachment-thumbnail size-thumbnail\" alt=\"\" aria-describedby=\"gallery-9-3699\" srcset=\"http:\/\/www.animaguzzista.com\/wp-content\/uploads\/2015\/05\/IMG_20150505_165409-150x150.jpg 150w, http:\/\/www.animaguzzista.com\/wp-content\/uploads\/2015\/05\/IMG_20150505_165409-300x300.jpg 300w, http:\/\/www.animaguzzista.com\/wp-content\/uploads\/2015\/05\/IMG_20150505_165409-100x100.jpg 100w\" sizes=\"(max-width: 150px) 100vw, 150px\" \/><\/a>\n\t\t\t<\/div>\n\t\t\t\t<figcaption class='wp-caption-text gallery-caption' id='gallery-9-3699'>\n\t\t\t\tSosta, ancora caciocavallo\n\t\t\t\t<\/figcaption><\/figure>\n\t\t<\/div>\n\n<p>Grazie a Fabio per l&#8217;organizzazione e un saluto alla Compagnia<\/p>\n<p>Nello<br \/>\np.s. Gianni delle orobie mi ha promesso di farmi avere le sue foto entro un paio d&#8217;anni<\/p>\n","protected":false},"excerpt":{"rendered":"<p>Il mio Calincontro quest&#8217;anno comincia con un giorno di anticipo sul solito, parto di mercoled\u00ec e sperando nel bel tempo cercher\u00f2 di visitare qualche museo e centro storico che ho messo in agenda. Parto in ritardo, ma decido lo stesso di fare il passo di Forca d&#8217;Acero per poi scendere verso Villetta Barrea e Isernia. [&hellip;]<\/p>\n","protected":false},"author":3,"featured_media":3689,"comment_status":"closed","ping_status":"closed","sticky":false,"template":"","format":"standard","meta":{"ngg_post_thumbnail":0,"footnotes":""},"categories":[58],"tags":[],"_links":{"self":[{"href":"http:\/\/www.animaguzzista.com\/index.php?rest_route=\/wp\/v2\/posts\/3560"}],"collection":[{"href":"http:\/\/www.animaguzzista.com\/index.php?rest_route=\/wp\/v2\/posts"}],"about":[{"href":"http:\/\/www.animaguzzista.com\/index.php?rest_route=\/wp\/v2\/types\/post"}],"author":[{"embeddable":true,"href":"http:\/\/www.animaguzzista.com\/index.php?rest_route=\/wp\/v2\/users\/3"}],"replies":[{"embeddable":true,"href":"http:\/\/www.animaguzzista.com\/index.php?rest_route=%2Fwp%2Fv2%2Fcomments&post=3560"}],"version-history":[{"count":13,"href":"http:\/\/www.animaguzzista.com\/index.php?rest_route=\/wp\/v2\/posts\/3560\/revisions"}],"predecessor-version":[{"id":3706,"href":"http:\/\/www.animaguzzista.com\/index.php?rest_route=\/wp\/v2\/posts\/3560\/revisions\/3706"}],"wp:featuredmedia":[{"embeddable":true,"href":"http:\/\/www.animaguzzista.com\/index.php?rest_route=\/wp\/v2\/media\/3689"}],"wp:attachment":[{"href":"http:\/\/www.animaguzzista.com\/index.php?rest_route=%2Fwp%2Fv2%2Fmedia&parent=3560"}],"wp:term":[{"taxonomy":"category","embeddable":true,"href":"http:\/\/www.animaguzzista.com\/index.php?rest_route=%2Fwp%2Fv2%2Fcategories&post=3560"},{"taxonomy":"post_tag","embeddable":true,"href":"http:\/\/www.animaguzzista.com\/index.php?rest_route=%2Fwp%2Fv2%2Ftags&post=3560"}],"curies":[{"name":"wp","href":"https:\/\/api.w.org\/{rel}","templated":true}]}}