{"id":4445,"date":"2015-06-13T11:57:21","date_gmt":"2015-06-13T11:57:21","guid":{"rendered":"http:\/\/www.animaguzzista.com\/?p=4445"},"modified":"2016-02-10T15:18:49","modified_gmt":"2016-02-10T15:18:49","slug":"93-e-15-storie-di-anni-paralleli","status":"publish","type":"post","link":"http:\/\/www.animaguzzista.com\/?p=4445","title":{"rendered":"93 e 15. Storie di Anni Paralleli"},"content":{"rendered":"<p>C\u2019\u00e8 una canzone molto bella. Si chiama Rette Parallele ed \u00e8 cantata da Dente.<\/p>\n<p>In occasione dell\u2019ultimo Incontro di Primavera \u00e8 stato consegnato a Roberto il Libro delle Firme.<br \/>\nE\u2019 il libro che raccoglie tutte le sottoscrizioni alla nostra petizione affinch\u00e9 la Primo Moretti venisse riconosciuta dopo 93 anni di ininterrotta attivit\u00e0 Concessionario Onorario. Pur essendo sempre l\u2019ultima a morire la nostra speranza nei confronti del Gruppo Piaggio non \u00e8 stata mai molto solida, ma non \u00e8 questo il punto; sapevamo di fare una cosa giusta indipendentemente da come sarebbe finita e cos\u00ec \u00e8 stato. Le 1650 firme sono state la nostra conferma e ci\u00f2 che ora \u00e8 per noi importante<br \/>\n\u00e8 sapere che Roberto continuer\u00e0 la sua storia insieme alle migliaia di storie parallele dei guzzisti di ogni parte del mondo che hanno avuto l\u2019occasione di conoscerlo e sostenerlo.<\/p>\n<p>Storie di rette parallele.<\/p>\n<p>Sono 15 anni che \u00e8 nata Anima Guzzista. Si sa, i 15 anni sono anni sempre un po\u2019 difficili, anche per noi giovani adolescenti guzzisti; soprattutto quando Rosella e il nostro Presidente Alberto decidono giustamente di riposarsi un poco. Non \u00e8 e non sar\u00e0 un periodo facile e Anima Guzzista per forza di cose cambier\u00e0 o forse anche chiuder\u00e0.<br \/>\nMolti, in questi anni, sono stati gli obiettivi raggiunti, tutti a loro modo importanti, ma ci\u00f2 che ora pi\u00f9 ci rincuora ma anche inorgoglisce \u00e8 sapere che qualunque cosa accadr\u00e0, grazie ad Anima Guzzista tutti i 400 soci e le migliaia di persone che hanno conosciuto questa Associazione potranno percorrere le loro storie come fossero rette di tanti rettilinei paralleli.<\/p>\n<div id='gallery-1' class='gallery galleryid-4445 gallery-columns-3 gallery-size-thumbnail'><figure class='gallery-item'>\n\t\t\t<div class='gallery-icon portrait'>\n\t\t\t\t<a href='http:\/\/www.animaguzzista.com\/?attachment_id=4449'><img loading=\"lazy\" decoding=\"async\" width=\"150\" height=\"150\" src=\"http:\/\/www.animaguzzista.com\/wp-content\/uploads\/2015\/06\/1-150x150.jpg\" class=\"attachment-thumbnail size-thumbnail\" alt=\"\" aria-describedby=\"gallery-1-4449\" srcset=\"http:\/\/www.animaguzzista.com\/wp-content\/uploads\/2015\/06\/1-150x150.jpg 150w, http:\/\/www.animaguzzista.com\/wp-content\/uploads\/2015\/06\/1-300x300.jpg 300w, http:\/\/www.animaguzzista.com\/wp-content\/uploads\/2015\/06\/1-100x100.jpg 100w\" sizes=\"(max-width: 150px) 100vw, 150px\" \/><\/a>\n\t\t\t<\/div>\n\t\t\t\t<figcaption class='wp-caption-text gallery-caption' id='gallery-1-4449'>\n\t\t\t\tIl momento della consegna del libro contenente le firme della petizione\n\t\t\t\t<\/figcaption><\/figure><figure class='gallery-item'>\n\t\t\t<div class='gallery-icon portrait'>\n\t\t\t\t<a href='http:\/\/www.animaguzzista.com\/?attachment_id=4448'><img loading=\"lazy\" decoding=\"async\" width=\"150\" height=\"150\" src=\"http:\/\/www.animaguzzista.com\/wp-content\/uploads\/2015\/06\/2-150x150.jpg\" class=\"attachment-thumbnail size-thumbnail\" alt=\"\" aria-describedby=\"gallery-1-4448\" srcset=\"http:\/\/www.animaguzzista.com\/wp-content\/uploads\/2015\/06\/2-150x150.jpg 150w, http:\/\/www.animaguzzista.com\/wp-content\/uploads\/2015\/06\/2-300x300.jpg 300w, http:\/\/www.animaguzzista.com\/wp-content\/uploads\/2015\/06\/2-100x100.jpg 100w\" sizes=\"(max-width: 150px) 100vw, 150px\" \/><\/a>\n\t\t\t<\/div>\n\t\t\t\t<figcaption class='wp-caption-text gallery-caption' id='gallery-1-4448'>\n\t\t\t\tIl momento della consegna del libro contenente le firme della petizione\n\t\t\t\t<\/figcaption><\/figure><figure class='gallery-item'>\n\t\t\t<div class='gallery-icon landscape'>\n\t\t\t\t<a href='http:\/\/www.animaguzzista.com\/?attachment_id=4447'><img loading=\"lazy\" decoding=\"async\" width=\"150\" height=\"150\" src=\"http:\/\/www.animaguzzista.com\/wp-content\/uploads\/2015\/06\/3-150x150.jpg\" class=\"attachment-thumbnail size-thumbnail\" alt=\"\" aria-describedby=\"gallery-1-4447\" srcset=\"http:\/\/www.animaguzzista.com\/wp-content\/uploads\/2015\/06\/3-150x150.jpg 150w, http:\/\/www.animaguzzista.com\/wp-content\/uploads\/2015\/06\/3-300x300.jpg 300w, http:\/\/www.animaguzzista.com\/wp-content\/uploads\/2015\/06\/3-100x100.jpg 100w\" sizes=\"(max-width: 150px) 100vw, 150px\" \/><\/a>\n\t\t\t<\/div>\n\t\t\t\t<figcaption class='wp-caption-text gallery-caption' id='gallery-1-4447'>\n\t\t\t\tLo stupendo libro con le firme ideato da Paolo Gambarelli.\n\t\t\t\t<\/figcaption><\/figure>\n\t\t<\/div>\n\n","protected":false},"excerpt":{"rendered":"<p>C\u2019\u00e8 una canzone molto bella. Si chiama Rette Parallele ed \u00e8 cantata da Dente. In occasione dell\u2019ultimo Incontro di Primavera \u00e8 stato consegnato a Roberto il Libro delle Firme. E\u2019 il libro che raccoglie tutte le sottoscrizioni alla nostra petizione affinch\u00e9 la Primo Moretti venisse riconosciuta dopo 93 anni di ininterrotta attivit\u00e0 Concessionario Onorario. Pur [&hellip;]<\/p>\n","protected":false},"author":1,"featured_media":4447,"comment_status":"closed","ping_status":"open","sticky":false,"template":"","format":"standard","meta":{"ngg_post_thumbnail":0,"footnotes":""},"categories":[42],"tags":[],"_links":{"self":[{"href":"http:\/\/www.animaguzzista.com\/index.php?rest_route=\/wp\/v2\/posts\/4445"}],"collection":[{"href":"http:\/\/www.animaguzzista.com\/index.php?rest_route=\/wp\/v2\/posts"}],"about":[{"href":"http:\/\/www.animaguzzista.com\/index.php?rest_route=\/wp\/v2\/types\/post"}],"author":[{"embeddable":true,"href":"http:\/\/www.animaguzzista.com\/index.php?rest_route=\/wp\/v2\/users\/1"}],"replies":[{"embeddable":true,"href":"http:\/\/www.animaguzzista.com\/index.php?rest_route=%2Fwp%2Fv2%2Fcomments&post=4445"}],"version-history":[{"count":2,"href":"http:\/\/www.animaguzzista.com\/index.php?rest_route=\/wp\/v2\/posts\/4445\/revisions"}],"predecessor-version":[{"id":4450,"href":"http:\/\/www.animaguzzista.com\/index.php?rest_route=\/wp\/v2\/posts\/4445\/revisions\/4450"}],"wp:featuredmedia":[{"embeddable":true,"href":"http:\/\/www.animaguzzista.com\/index.php?rest_route=\/wp\/v2\/media\/4447"}],"wp:attachment":[{"href":"http:\/\/www.animaguzzista.com\/index.php?rest_route=%2Fwp%2Fv2%2Fmedia&parent=4445"}],"wp:term":[{"taxonomy":"category","embeddable":true,"href":"http:\/\/www.animaguzzista.com\/index.php?rest_route=%2Fwp%2Fv2%2Fcategories&post=4445"},{"taxonomy":"post_tag","embeddable":true,"href":"http:\/\/www.animaguzzista.com\/index.php?rest_route=%2Fwp%2Fv2%2Ftags&post=4445"}],"curies":[{"name":"wp","href":"https:\/\/api.w.org\/{rel}","templated":true}]}}