{"id":451,"date":"2010-01-15T14:42:21","date_gmt":"2010-01-15T14:42:21","guid":{"rendered":"http:\/\/5.196.224.66\/?p=451"},"modified":"2015-03-24T17:09:18","modified_gmt":"2015-03-24T17:09:18","slug":"i-mie-primi-km-sulla-mia-prima-guzzi","status":"publish","type":"post","link":"http:\/\/www.animaguzzista.com\/?p=451","title":{"rendered":"I mie primi km sulla mia prima Guzzi"},"content":{"rendered":"<p>Racconto di Giacomo<\/p>\n<p>Ebbene si.. il sogno si \u00e8 avverato..<\/p>\n<p>Fin da piccolo ho sempre sognato di guidare una Guzzi.. ogni volta che sentivo i \u201cgrandi\u201d che ne parlavano.. e raccontavano dei loro viaggi.. pensavo sempre \u201cchiss\u00e0 se un giorno ne avr\u00f2 una anche io..\u201d<\/p>\n<p>Anche mia mamma ci ha fatto qualche viaggio prima che nascessi.. mi parlava spesso di quella \u201cGuzzi 1000\u201d con cui viaggiava da giovane.. e da quando me ne ha parlato \u00e8 sempre rimasta nei miei pensieri..<\/p>\n<p>Finalmente, dopo anni di lavoro e di risparmi, dopo qualche anno di purgatorio con un paio di giapponesi, sono riuscito a regalarmene una in occasione del mio 27simo compleanno, passato qualche giorno fa..<\/p>\n<p>E\u2019 il mio quarto acquisto a due ruote.. dopo una Aprilia RS 125 (presa a quattro soldi per imparare..) una Suzuki Marauder VZ800 (Custom) e una Honda CBR 600F..<\/p>\n<p>Ed ora finalmente.. sono riuscito a comprarmi una MOTO con tutte le lettere maiuscole..<\/p>\n<p>Dico cos\u00ec.. perch\u00e9 tutte le altre che ho avuto non reggono minimamente il confronto a nessun livello con la nuova Guzzi!<\/p>\n<p>Vi racconter\u00f2 brevemente la mia prima giornata con la mia Breva 1100.<\/p>\n<p>Sono di San Benedetto del Tronto (AP) e la moto in questione l\u2019ho trovata a Grosseto, per cui ho dovuto organizzarmi con il pullman, fino a Siena, e con il treno da Siena fino a Grosseto.. circa 6 ore di viaggio..<\/p>\n<p>Beh vi dispenso dal racconto del viaggio.. che come potete immaginare \u00e8 stato abbastanza noioso..<\/p>\n<p>Arrivo in concessionaria, gi\u00e0 abbastanza stanco.. con il mio casco e il mio zaino, contenente giacca in pelle, pantaloni lunghi, guanti ecc..<\/p>\n<p>La mia Brevona \u00e8 l\u00ec.. ancora nel salone.. in bella mostra.. e il mio sorriso inizia a crescere\u2026<\/p>\n<p>Svolgo tutte le pratiche di acquisto, passaggio.. ecc\u2026 il concessionario mi consegna le chiavi e.. la Brevona \u00e8 finalmente mia!<\/p>\n<p>Metto su il casco.. e parto subito alla volta di San Benedetto..<\/p>\n<p>La Brevona procede docile sulle strade toscane.. e inizio subito a prendere confidenza con la strumentazione, con il cambio, le leve della frizione e del freno.. e noto subito che in marcia \u00e8 bilanciata molto bene, nonostante sia un po\u2019 pesante negli spostamenti da fermo (ma credo sia questione di abitudine)<\/p>\n<p>Qualsiasi asperit\u00e0 del terreno viene annullata completamente: sulla Breva si viaggia come in macchina.. comoda, rapida, scattante quando serve..<\/p>\n<p>Non ha la potenza del mio vecchio CBR ma non mi importa.. non cercavo una moto da far urlare a 12.000 giri sulle curve\u2026 cercavo una compagna di viaggio, con cui osservare il mondo e con cui macinare chilometri e chilometri nella pi\u00f9 totale libert\u00e0.. e mai nessun acquisto fu pi\u00f9 azzeccato!<\/p>\n<p>La prima sensazione \u00e8 stata quella di una grande emozione.. stavo guidando la mia Guzzi, la moto con cui aveva viaggiato mia madre, che avevo sognato da piccolo, un pezzo di storia italiana.. un\u2019Aquila di Mandello!<\/p>\n<p>Certe emozioni non si possono spiegare.. vi posso solo dire di averle provate.. e credo che solo chi ha una Guzzi pu\u00f2 capire..<\/p>\n<p>Il viaggio procedeva tranquillo, con il mio sorriso stampato sulle labbra (invisibile agli altri per via del casco) e il mio cuore che batteva rapido, mentre l\u2019asfalto scorreva veloce sotto la mia Brevona..<\/p>\n<p>Pensavo di fare un viaggio tranquillo.. dovevo solo arrivare a Foligno, passando per Siena e poi Perugia e poi prendere la superstrada fino a Civitanova.. per poi arrivare comodamente a San Benedetto in Autostrada.. (non mi andava di buttarmi subito a fare curve in piega, data la mia scarsa conoscenza del mezzo e data la stanchezza dovuta al viaggio).. ma purtroppo non conoscevo bene quella zona e mi sono ritrovato senza accorgermene in una stradina buia che portava da Foligno verso Norcia..<\/p>\n<p>Erano ormai le 8 di sera e tra le montagne iniziava a far fresco.. cos\u00ec ho parcheggiato la Brevona sul ciglio della strada (non c\u2019erano posti per fermarsi) e mi sono spogliato in mezzo alla strada (tanto non c\u2019era un\u2019anima).. infilo i pantaloni lunghi, metto la maglia a maniche lunghe e infilo il giubbino di pelle.. metto su i guanti e riparto..<\/p>\n<p>Mi attendeva una stradina asfaltata deserta, senza lampioni, tra le montagne, di notte.. e senza un\u2019anima nei paraggi.. ma per fortuna lo zaino si era alleggerito di parecchio e la guida era diventata pi\u00f9 agile e leggera..<\/p>\n<p>Non nascondo di aver avuto una certa paura su quella strada sconosciuta: regger\u00e0 la mia Brevona? Sar\u00e0 affidabile? Dopotutto l\u2019ho presa solo oggi.. come si comporter\u00e0 su questa lunga stradina di montagna? Sar\u00f2 in grado di gestirla?<\/p>\n<p>Beh.. ovviamente erano tutte paure che poi mi sono lasciato alle spalle dopo le prime due curve!<\/p>\n<p>La luce illuminava alla grande quella stradina.. e sebbene fosse tutto al buio, vedevo tutto molto bene.. (tranne qualche curva molto nascosta che mi ha costretto a un paio di frenate brusche).<\/p>\n<p>La Brevona scendeva in piega da sola.. pennellavo curve come non ero mai riuscito a fare con il mio vecchio CBR.. la Guzzi si \u00e8 dimostrata solida, tosta, sempre pronta in piega e mai stanca di aprirsi in brevi allunghi nei pochi rettilinei che ho incontrato..<\/p>\n<p>Era buio, non c\u2019era nessuno, ma il mio sorriso si era oramai allargato ulteriormente sotto al casco.. e la Brevona sembrava sorridere insieme a me..<\/p>\n<p>E\u2019 stato un tragitto di 50 km fino a Norcia.. i pi\u00f9 emozionanti che abbia mai provato su 2 ruote!<\/p>\n<p>Guidavo in una stradina di montagna sconosciuta, di notte, la mia nuova moto, la mia nuova GUZZI.. e non c\u2019erano altri pensieri nella testa che mi distraessero da tutto ci\u00f2: solo una bellissima sensazione di libert\u00e0 e che in quei momenti mi rendeva orgoglioso e contento..<\/p>\n<p>L a strada scorreva senza strappi, senza problemi, senza timori.. solo io, le montagne, l\u2019asfalto, l\u2019aria fresca della sera, le stelle.. e.. la mia Moto Guzzi Breva 1100.<\/p>\n<p>Arrivato a Norcia ho ripreso subito estrema confidenza con la strada, visto che la conoscevo bene.. e ho potuto godermi la Brevona al 100%.. visto che quel tragitto gi\u00e0 l\u2019avevo fatto tante volte anche con le altre mie moto precedenti..<\/p>\n<p>Beh non c\u2019\u00e8 bisogno di dire che quella strada non me l\u2019ero mai goduta appieno.. con la Brevona le curve scorrevano veloci, le pieghe venivano da sole, difficolt\u00e0 di guida praticamente nulle.. solo il piacere dei chilometri percorsi lasciati alle spalle.. e il piacere di quelli che dovevano ancora arrivare..<\/p>\n<p>La stanchezza ad ogni modo iniziava a farsi sentire.. erano quasi le 10 di sera.. e dopo le 6 ore di viaggio della mattina e le 5 ore di viaggio sulla moto, iniziavo a dare segni di cedimento..<\/p>\n<p>Finalmente arrivo ad Ascoli e mi ritrovo sulla superstrada\u2026 mi metto sui 100\/110 km\/h e apprezzo nuovamente la grande comodit\u00e0 della mia Brevona, che con quel soffuso rombo rassicurante sembrava sussurrarmi \u201cnon ti preoccupare.. riposati ora.. ti porto io a casa\u201d<\/p>\n<p>E senza neanche avere il tempo di apprezzare appieno la sensazione di estrema tranquillit\u00e0 che mi trasmetteva la mia Brevona sulla superstrada, mi sono ritrovato sotto casa.. esausto.. e con quel sorriso che ancora non accennava ad andarsene..<\/p>\n<p>Parcheggio la moto.. ancora calda.. tolgo il casco.. faccio un paio di sospiri.. e scendo dal mio salott.. ahem.. dalla mia Breva..<\/p>\n<p>Mi giro per ammirarla.. e guardo in alto.. le stelle che avevo visto nella stradina di montagna erano ancora l\u00ec.. e continuavano a brillare.. cos\u00ec come la mia Brevona.. e come i miei denti, ancora scoperti dal mio sorriso..<\/p>\n<p>Per provare certe emozioni credo che non basta avere una moto.. bisogna avere una Guzzi..<\/p>\n<p>Grazie Brevona..sono state emozioni che non dimenticher\u00f2 mai!<br \/>\nGiacomo, 27 anni, San Benedetto del Tronto (AP)<\/p>\n","protected":false},"excerpt":{"rendered":"<p>Racconto di Giacomo Ebbene si.. il sogno si \u00e8 avverato.. Fin da piccolo ho sempre sognato di guidare una Guzzi.. ogni volta che sentivo i \u201cgrandi\u201d che ne parlavano.. e raccontavano dei loro viaggi.. pensavo sempre \u201cchiss\u00e0 se un giorno ne avr\u00f2 una anche io..\u201d Anche mia mamma ci ha fatto qualche viaggio prima che [&hellip;]<\/p>\n","protected":false},"author":3,"featured_media":533,"comment_status":"open","ping_status":"open","sticky":false,"template":"","format":"standard","meta":{"ngg_post_thumbnail":0,"footnotes":""},"categories":[6,42],"tags":[],"_links":{"self":[{"href":"http:\/\/www.animaguzzista.com\/index.php?rest_route=\/wp\/v2\/posts\/451"}],"collection":[{"href":"http:\/\/www.animaguzzista.com\/index.php?rest_route=\/wp\/v2\/posts"}],"about":[{"href":"http:\/\/www.animaguzzista.com\/index.php?rest_route=\/wp\/v2\/types\/post"}],"author":[{"embeddable":true,"href":"http:\/\/www.animaguzzista.com\/index.php?rest_route=\/wp\/v2\/users\/3"}],"replies":[{"embeddable":true,"href":"http:\/\/www.animaguzzista.com\/index.php?rest_route=%2Fwp%2Fv2%2Fcomments&post=451"}],"version-history":[{"count":1,"href":"http:\/\/www.animaguzzista.com\/index.php?rest_route=\/wp\/v2\/posts\/451\/revisions"}],"predecessor-version":[{"id":452,"href":"http:\/\/www.animaguzzista.com\/index.php?rest_route=\/wp\/v2\/posts\/451\/revisions\/452"}],"wp:featuredmedia":[{"embeddable":true,"href":"http:\/\/www.animaguzzista.com\/index.php?rest_route=\/wp\/v2\/media\/533"}],"wp:attachment":[{"href":"http:\/\/www.animaguzzista.com\/index.php?rest_route=%2Fwp%2Fv2%2Fmedia&parent=451"}],"wp:term":[{"taxonomy":"category","embeddable":true,"href":"http:\/\/www.animaguzzista.com\/index.php?rest_route=%2Fwp%2Fv2%2Fcategories&post=451"},{"taxonomy":"post_tag","embeddable":true,"href":"http:\/\/www.animaguzzista.com\/index.php?rest_route=%2Fwp%2Fv2%2Ftags&post=451"}],"curies":[{"name":"wp","href":"https:\/\/api.w.org\/{rel}","templated":true}]}}