{"id":6250,"date":"2016-08-19T21:44:27","date_gmt":"2016-08-19T21:44:27","guid":{"rendered":"http:\/\/www.animaguzzista.com\/?p=6250"},"modified":"2016-12-30T18:24:31","modified_gmt":"2016-12-30T18:24:31","slug":"vengo-anche-io-no","status":"publish","type":"post","link":"http:\/\/www.animaguzzista.com\/?p=6250","title":{"rendered":"\u201cVENGO ANCHE IO!?!??\u201d&#8230;&#8230; \u201cNO!\u201d"},"content":{"rendered":"<p>&nbsp;<\/p>\n<p><a href=\"http:\/\/www.animaguzzista.com\/wp-content\/uploads\/2016\/08\/AnimaGuzzista_Badude_VengoAnchioNO_0020.jpg\" rel=\"attachment wp-att-6271\"><img loading=\"lazy\" decoding=\"async\" class=\" td-modal-image aligncenter wp-image-6271 size-thumbnail\" src=\"http:\/\/www.animaguzzista.com\/wp-content\/uploads\/2016\/08\/AnimaGuzzista_Badude_VengoAnchioNO_0020-150x150.jpg\" alt=\"AnimaGuzzista_Badude_VengoAnchioNO_0020\" width=\"150\" height=\"150\" srcset=\"http:\/\/www.animaguzzista.com\/wp-content\/uploads\/2016\/08\/AnimaGuzzista_Badude_VengoAnchioNO_0020-150x150.jpg 150w, http:\/\/www.animaguzzista.com\/wp-content\/uploads\/2016\/08\/AnimaGuzzista_Badude_VengoAnchioNO_0020-300x300.jpg 300w, http:\/\/www.animaguzzista.com\/wp-content\/uploads\/2016\/08\/AnimaGuzzista_Badude_VengoAnchioNO_0020-100x100.jpg 100w\" sizes=\"(max-width: 150px) 100vw, 150px\" \/><\/a><\/p>\n<p>Da un anno quasi esatto, la mia \u201cscienziatina\u201d studia a Grenoble, e tutte le volte che siamo andati a trovarla, attraversando il Frejus e girando intorno a quelle cime alte, dure e all\u2019apparenza bellissime, mi sono chiesto come sarebbe stato farle con la Guzzona. E\u2019 quindi nata pian pianino una idea, che mi sono tenuto per me fin che ho potuto, sulla quale ho dovuto studiare il planning pi\u00f9 opportuno, perch\u00e9 DOVEVA realizzarsi. DOVEVA!<\/p>\n<div id='gallery-1' class='gallery galleryid-6250 gallery-columns-2 gallery-size-thumbnail'><figure class='gallery-item'>\n\t\t\t<div class='gallery-icon portrait'>\n\t\t\t\t<a href='http:\/\/www.animaguzzista.com\/?attachment_id=6253'><img loading=\"lazy\" decoding=\"async\" width=\"150\" height=\"150\" src=\"http:\/\/www.animaguzzista.com\/wp-content\/uploads\/2016\/08\/AnimaGuzzista_Badude_VengoAnchioNO_0002-150x150.jpg\" class=\"attachment-thumbnail size-thumbnail\" alt=\"\" srcset=\"http:\/\/www.animaguzzista.com\/wp-content\/uploads\/2016\/08\/AnimaGuzzista_Badude_VengoAnchioNO_0002-150x150.jpg 150w, http:\/\/www.animaguzzista.com\/wp-content\/uploads\/2016\/08\/AnimaGuzzista_Badude_VengoAnchioNO_0002-300x300.jpg 300w, http:\/\/www.animaguzzista.com\/wp-content\/uploads\/2016\/08\/AnimaGuzzista_Badude_VengoAnchioNO_0002-100x100.jpg 100w\" sizes=\"(max-width: 150px) 100vw, 150px\" \/><\/a>\n\t\t\t<\/div><\/figure><figure class='gallery-item'>\n\t\t\t<div class='gallery-icon landscape'>\n\t\t\t\t<a href='http:\/\/www.animaguzzista.com\/?attachment_id=6254'><img loading=\"lazy\" decoding=\"async\" width=\"150\" height=\"150\" src=\"http:\/\/www.animaguzzista.com\/wp-content\/uploads\/2016\/08\/AnimaGuzzista_Badude_VengoAnchioNO_0003-150x150.jpg\" class=\"attachment-thumbnail size-thumbnail\" alt=\"\" srcset=\"http:\/\/www.animaguzzista.com\/wp-content\/uploads\/2016\/08\/AnimaGuzzista_Badude_VengoAnchioNO_0003-150x150.jpg 150w, http:\/\/www.animaguzzista.com\/wp-content\/uploads\/2016\/08\/AnimaGuzzista_Badude_VengoAnchioNO_0003-300x300.jpg 300w, http:\/\/www.animaguzzista.com\/wp-content\/uploads\/2016\/08\/AnimaGuzzista_Badude_VengoAnchioNO_0003-100x100.jpg 100w\" sizes=\"(max-width: 150px) 100vw, 150px\" \/><\/a>\n\t\t\t<\/div><\/figure>\n\t\t<\/div>\n\n<p>Quanto sto via? Due giorni sono pochi, ma pi\u00f9 di tre mi faccio nemici\u2026.. ok, 3! &#8230; e quanta strada riesco a fare? \u2026beh, considerato che fino a Cuneo \u00e8 tutta noia, e tra andare e venire mi vanno via oltre 750 km, pi\u00f9 di 1.200 non ne faccio, ma sar\u00e0 un gran bel giro. L\u2019obiettivo?\u2026b\u00f2n, la Bonette \u00e8 qui \u2026 qui l\u2019Iseran, l\u2019altro pi\u00f9 alto \u2026 facile, sono poco pi\u00f9 di 200\u2026.<\/p>\n<p>Ottimo, in mezzo ci stanno un sacco di divagazioni sul tema.<\/p>\n<p>mmmmm\u2026aspetta\u2026.mi dir\u00e0 che tre giorni in giro in moto costano troppo &#8230; Cosa c\u2019\u00e8 in riserva? No, non quella di casa (@@zXacc@xXZz!\u2026). La MIA\u2026.ok, pi\u00f9 che sufficienti.<\/p>\n<p>Le Regole d\u2019ingaggio sono semplici, e orientate alla massima sobriet\u00e0:<\/p>\n<p>1) dormo in tenda, ma quella piccola, che \u00e8 pi\u00f9 leggera\u2026(e purtroppo in due non ci si sta\u2026),<\/p>\n<p>2) mi porto tanti panini da casa, quelli maionese e cipolline (una meraviglia, consigliati. Soprattutto il secondo giorno, che la maionese ha inzuppato ben bene il pane da toast, buoni anche se poi scoreggi alla cipollina di continuo\u2026),<\/p>\n<p>3) fornellino per il th\u00e8 alla mattina e biscotti secchi a colazione. Borraccia piena per bere. Acqua.<\/p>\n<p>4) pranzi e cene: una scatoletta di tonno, una simmenthal, due buste di minestra disidratata, da fare calde\u2026.a posto. Ecco, magari alla sera, messa gi\u00f9 la moto, qualche capriccio me lo levo, ed una buona birra non me la toglie nessuno.<br \/>\nMA COSA VADO A FARE? Perch\u00e9 me lo chieder\u00e0\u2026Beh, qui me la posso cavare bene, semplicemente con la banalissima verit\u00e0: VADO IN MOTO! IN SELLA DALLE 8 DI MATTINA ALLE 8 DI SERA (se non di pi\u00f9) E NON VOGLIO FARE NIENT\u2019ALTRO. E voglio fermarmi appena mi sembri che ne valga la pena, e fotografare, e guardare il panorama, e se piove, aspettare sotto l\u2019acqua che smetta, con i guanti che si inzuppano, ed accorgermi che la Golden Tyre davanti e la Tourance dietro, sono perfette sull\u2019asciutto ma tengono molto bene anche sul bagnato.<\/p>\n<p>E poi voglio fare ginnastica al mattino, fuori dalla tenda, perch\u00e9 la notte passata sul modulo nuovo mi avr\u00e0 sicuramente sfrantumato la schiena. E non voglio bere quasi nulla, di giorno, cos\u00ec se mi devo fermare \u00e8 perch\u00e9 l\u2019ho scelto io e non la mia prostata. E poi VOGLIO FARE DELLA STRADA. Quella che a vent\u2019anni facevo a piedi, tenda in spalla, con gli Scouts, perch\u00e9 \u00e8 sulla strada che parti, ma poi quello che succede dipende solo in minima parte da quello che hai deciso tu.<\/p>\n<p>E quindi, per tutto questo, \u00e8 chiaro che devo partire da solo: \u201cMA COME, ALMENO ANDATE IN DUE\u2026SE SUCCEDE QUALCOSA?\u201d \u201cE A CHI LO CHIEDO? \u2026 A LUGLIO SONO TUTTI IN FERIE! E POI LO SAI CHE MI PIACE ANDARE SOLO\u2026\u201d<\/p>\n<p>Alla fine ce la faccio: serenamente, ma di una serenit\u00e0 poco convinta, ho l\u2019Ok desiderato, anche se, ogni tanto, \u201cMA IO, NON POSSO PROPRIO VENIRE?\u201d \u201cMA TU, SE VIENI IN MOTO, VUOI ANCHE VISITARE MUSEI, E LI\u2019 NON CE NE SONO; LE CHIESE NON SONO NIENTE DI SPECIALE, E POI DEVO PRENDERE LA TENDA GRANDE, CON LA PALERIA PESANTE, E LA MOTO DIVENTA DIFFICILE DA GESTIRE\u2026E SUI TORNANTI NON CE LA FACCIO\u2026SONO ANCHE PERICOLOSI\u2026 (\u2026\u2019stardo\u2026)\u201d.<\/p>\n<p>Negli ultimi 10 giorni controllo il meteo due volte al giorno, perch\u00e9 le previsioni sono affidabili solo nei due\/tre giorni successivi, e faccio bene, perch\u00e9 nel week end scelto, sul sud della Francia, si scatener\u00e0 di tutto. Sposto in avanti la partenza, ed il VSD, diventa un SDL, e parto (23 luglio, ore 05.15) sapendo gi\u00e0 che sabato prender\u00f2 acqua copiosamente, domenica gran parte della giornata sar\u00e0 bella, e luned\u00ec dovrebbe essere un trionfo. E sar\u00e0 proprio cos\u00ec: complimenti a meteofrance.com!<\/p>\n<p>Carpi-Alessandria-Cuneo (che palle\u2026) &#8211; VINADIO! OOOOHHH: montagne, nuvole, acqua, la promessa di un bel girare. Attacco il primo panino alle cipolline, ancora un po\u2019 \u201cacerbo\u201d, e poi la Lombarde: subito mi accolgono una serie di tornanti stretti e ravvicinati che ti fanno salire velocemente, e poi, man mano si sale, si alternano sprazzi di luce e cielo aperto, con fitti nuvoloni che coprono il panorama; l\u2019asfalto \u00e8 buono, solo umido, e l\u2019andatura allegra. Faccio una curva e poco lontana, sul bordo della strada, vedo una signora ferma a fotografare, alla quale evidentemente copro il campo, perch\u00e8 abbassa la macchina con un gesto di stizza. Per\u00f2 mi distrae, e vedo troppo tardi il cartello che indica la stretta svolta a sinistra, per salire in cima ed al confine.<\/p>\n<p>Poco male. Mi fermo, le dico qualcosa per salutare (e sentirmi meno goffo), volto la moto, e su!<\/p>\n<p>Mezz\u2019oretta dopo, l\u2019arrivo al confine \u00e8 freddo, umido e non si vede niente: una foto per ricordo, una per fb, ma via di l\u00ec subito dopo, che entro sera dobbiamo fare la Bonette.<\/p>\n<div id='gallery-2' class='gallery galleryid-6250 gallery-columns-2 gallery-size-thumbnail'><figure class='gallery-item'>\n\t\t\t<div class='gallery-icon landscape'>\n\t\t\t\t<a href='http:\/\/www.animaguzzista.com\/?attachment_id=6255'><img loading=\"lazy\" decoding=\"async\" width=\"150\" height=\"150\" src=\"http:\/\/www.animaguzzista.com\/wp-content\/uploads\/2016\/08\/AnimaGuzzista_Badude_VengoAnchioNO_0004-150x150.jpg\" class=\"attachment-thumbnail size-thumbnail\" alt=\"\" srcset=\"http:\/\/www.animaguzzista.com\/wp-content\/uploads\/2016\/08\/AnimaGuzzista_Badude_VengoAnchioNO_0004-150x150.jpg 150w, http:\/\/www.animaguzzista.com\/wp-content\/uploads\/2016\/08\/AnimaGuzzista_Badude_VengoAnchioNO_0004-300x300.jpg 300w, http:\/\/www.animaguzzista.com\/wp-content\/uploads\/2016\/08\/AnimaGuzzista_Badude_VengoAnchioNO_0004-100x100.jpg 100w\" sizes=\"(max-width: 150px) 100vw, 150px\" \/><\/a>\n\t\t\t<\/div><\/figure><figure class='gallery-item'>\n\t\t\t<div class='gallery-icon landscape'>\n\t\t\t\t<a href='http:\/\/www.animaguzzista.com\/?attachment_id=6256'><img loading=\"lazy\" decoding=\"async\" width=\"150\" height=\"150\" src=\"http:\/\/www.animaguzzista.com\/wp-content\/uploads\/2016\/08\/AnimaGuzzista_Badude_VengoAnchioNO_0005-150x150.jpg\" class=\"attachment-thumbnail size-thumbnail\" alt=\"\" srcset=\"http:\/\/www.animaguzzista.com\/wp-content\/uploads\/2016\/08\/AnimaGuzzista_Badude_VengoAnchioNO_0005-150x150.jpg 150w, http:\/\/www.animaguzzista.com\/wp-content\/uploads\/2016\/08\/AnimaGuzzista_Badude_VengoAnchioNO_0005-300x300.jpg 300w, http:\/\/www.animaguzzista.com\/wp-content\/uploads\/2016\/08\/AnimaGuzzista_Badude_VengoAnchioNO_0005-100x100.jpg 100w\" sizes=\"(max-width: 150px) 100vw, 150px\" \/><\/a>\n\t\t\t<\/div><\/figure>\n\t\t<\/div>\n\n<p>Non \u00e8 nemmeno mezzogiorno ed ho un sacco di tempo, ma il clima so che non mi aiuter\u00e0. Isola 2000, Isola, la D-64, San Dalmazzo\u2026 strade che altri Guzzisti avranno fatto mille volte, ma questa \u00e8 la MIA volta.<\/p>\n<p>Nel primissimo pomeriggio inizio a salire verso la Bonette, e da questo versante il tempo non \u00e8 infame. E\u2019 brutto, ma non infame. Il problema \u00e8 quello che si intravede dall\u2019altra parte, pi\u00f9 compatto e scuro. Il panorama rimane visibile, e l\u2019altezza \u00e8, nonostante tutto, entusiasmante; vediamo quindi come va, ma per ora sono contento di essere qui.<\/p>\n<p>Salendo purtroppo tutto peggiora: fitta nebbia, la strada si vede solo per 15\/20 metri davanti, pioggia fine e fastidiosa, \u2026. Un cartello: a sinistra\u201d la Bonette\u201d, a destra \u201cJausiers par Restefond\u201d. Faccio ancora pochi metri, e poi mi fermo: tuoni a pochissima distanza mi consigliano di non proseguire. Tanto non si vede nulla. Scoprir\u00f2 poi di trovarmi sotto la cima, quindi sarei arrivato, ma ancora tuoni vicini, molto vicini.<\/p>\n<p>Fan\u2019 c\u2026.o, mi metto in fretta una maglia in pi\u00f9 sotto l\u2019antiacqua, attacco le 4 frecce, e via indietro. E gi\u00f9 a Jausiers, per scoprire che l\u2019altro versante della montagna \u00e8 quello dove si sta sfogando il temporale: piove, e tanto. E rompe, e tanto\u2026 ma lo sapevo, quindi, pazienza. I prossimi giorni mi ripagheranno, spero abbondantemente.<\/p>\n<p>Sotto l\u2019acqua, arrivo a fondovalle, cerco un riparo e mi fermo sotto una pianta; riparto perch\u00e9 non ripara niente, e allora cerco il campeggio. Poco distante, poco costoso, come da Budget: perfetto! Camping Rioclar. Cessi pulitissimi, la prima volta che li ho usati (quella importante\u2026), decisamente luridi le successive. Per\u00f2 era quello che mi aspettavo. Ha smesso di piovere e monto la tenda, e siccome sono stanco morto, devo decidere come mangiare e cosa fare per la serata: il tempo minaccia altra acqua, e poich\u00e9 il campeggio \u00e8 fuori dal paese, semplifico al massimo, cena e serata: faccio fuori la simmenthal ed un altro panino (ed il pane comincia ad essere come deve, ben imbibito* di maionese), mi faccio una doccia calda, mi infilo la tuta, apro il sacco a pelo e dopo qualche veloce messaggio a casa, io dormo. Ore 18.30. La birra domani.<br \/>\nLa stanchezza mi \u00e8 piombata addosso tutta in una volta, la contentezza della giornata \u00e8 piena, la sicurezza di essere, per ora, all\u2019asciutto \u00e8 rasserenante ed il campeggio \u00e8 silenzioso come non mi aspettavo, anche se pieno. Ma soprattutto ho fatto quello che volevo per tutto il giorno: ho guidato la mia Guzzona per strade sconosciute. E\u2019 stata una bella giornata, ma ora Buonanotte!<br \/>\nLa notte piove un bel po\u2019, e la sento quando mi sveglio per voltare \u201cgallone\u201d*, ma a parte un chiacchiericcio attorno le 22,30, che mi sveglia, passo la notte scomodo, ma all\u2019asciutto ed al caldo.<\/p>\n<p>Ore 4, forse 4,30: sveglio, e trovo un cielo pieno di stelle. Ottimo, il meteo si aggiusta! Avendo quindi un sacco di tempo davanti faccio tutto quello che mi pare, e che mi serve, cercando di non fare rumore (di coglioni come me, non ce n\u2019\u00e8 tanti, in giro a quell\u2019ora): ginnastica, colazione, bagno, tutto moooolto lentamente, che non devo correre da nessuna parte. E sarei pronto, ma aspetto il primo sole, per asciugare la tenda e vedere cosa mi aspetta, e poi non posso accendere la moto cos\u00ec presto, mi tirerebbero pietre.<\/p>\n<p><a href=\"http:\/\/www.animaguzzista.com\/wp-content\/uploads\/2016\/08\/AnimaGuzzista_Badude_VengoAnchioNO_0006.jpg\" rel=\"attachment wp-att-6257\"><img loading=\"lazy\" decoding=\"async\" class=\" td-modal-image aligncenter wp-image-6257 size-thumbnail\" src=\"http:\/\/www.animaguzzista.com\/wp-content\/uploads\/2016\/08\/AnimaGuzzista_Badude_VengoAnchioNO_0006-150x150.jpg\" alt=\"AnimaGuzzista_Badude_VengoAnchioNO_0006\" width=\"150\" height=\"150\" srcset=\"http:\/\/www.animaguzzista.com\/wp-content\/uploads\/2016\/08\/AnimaGuzzista_Badude_VengoAnchioNO_0006-150x150.jpg 150w, http:\/\/www.animaguzzista.com\/wp-content\/uploads\/2016\/08\/AnimaGuzzista_Badude_VengoAnchioNO_0006-300x300.jpg 300w, http:\/\/www.animaguzzista.com\/wp-content\/uploads\/2016\/08\/AnimaGuzzista_Badude_VengoAnchioNO_0006-100x100.jpg 100w\" sizes=\"(max-width: 150px) 100vw, 150px\" \/><\/a><br \/>\nLentamente, si illumina un cielo di un bellissimo azzurro, carico e profondo, ed il contrasto con il nero della sagoma degli alberi mi rende felice \u2026 Grande giornata si prospetta, e la linea di luce sul fianco della montagna, che scende pian piano fino al campeggio, finalmente tocca prima la tenda, e poi la moto.<\/p>\n<p>Per farla breve alle 7 sono di nuovo in sella: ho dato la sveglia al campeggio, perch\u00e9 gli scarichi vuoti della Guzzona, se apro anche appena un p\u00f2, si sentono\u2026<\/p>\n<p>Freddo, ma ci sta. Dove devo andare? Stamattina vars, izoard, galibier\u2026. ma la Bonette? \u2026 cavolo, \u00e8 cos\u00ec presto\u2026\u2026ho un sacco di tempo davanti, prima che faccia buio\u2026. Vai Badu! Si torna alla Bonette. Con una mattina cos\u00ec, sarebbe da idioti perdersela.<\/p>\n<p>Ritornato a Jausiers, via di nuovo su, a destra, verso Restefond, e faccio una delle cose che ha reso questo giro per me bellissimo: mattina presto, la luce \u00e8 brillante, i colori intensi, dopo la pioggia delle ore precedenti, ed a parte un gregge che attraversa la strada (e per me vedere i cani pastore all\u2019opera \u00e8 sempre stato uno spettacolo) non mi rallenta nulla. Arrivo su veramente soddisfatto ed i panorami sono fantastici. Foto lungo la strada, alla stele in cima, e lunga pausa di ammirazione e filosofeggi interiori vari. Ho lasciato un po\u2019 di amaro in bocca a chi ho lasciato a casa, che non se lo merita, per cui dovr\u00f2 trovare il modo di farmi perdonare.<\/p>\n<div id='gallery-3' class='gallery galleryid-6250 gallery-columns-2 gallery-size-thumbnail'><figure class='gallery-item'>\n\t\t\t<div class='gallery-icon landscape'>\n\t\t\t\t<a href='http:\/\/www.animaguzzista.com\/?attachment_id=6258'><img loading=\"lazy\" decoding=\"async\" width=\"150\" height=\"150\" src=\"http:\/\/www.animaguzzista.com\/wp-content\/uploads\/2016\/08\/AnimaGuzzista_Badude_VengoAnchioNO_0007-150x150.jpg\" class=\"attachment-thumbnail size-thumbnail\" alt=\"\" srcset=\"http:\/\/www.animaguzzista.com\/wp-content\/uploads\/2016\/08\/AnimaGuzzista_Badude_VengoAnchioNO_0007-150x150.jpg 150w, http:\/\/www.animaguzzista.com\/wp-content\/uploads\/2016\/08\/AnimaGuzzista_Badude_VengoAnchioNO_0007-300x300.jpg 300w, http:\/\/www.animaguzzista.com\/wp-content\/uploads\/2016\/08\/AnimaGuzzista_Badude_VengoAnchioNO_0007-100x100.jpg 100w\" sizes=\"(max-width: 150px) 100vw, 150px\" \/><\/a>\n\t\t\t<\/div><\/figure><figure class='gallery-item'>\n\t\t\t<div class='gallery-icon portrait'>\n\t\t\t\t<a href='http:\/\/www.animaguzzista.com\/?attachment_id=6259'><img loading=\"lazy\" decoding=\"async\" width=\"150\" height=\"150\" src=\"http:\/\/www.animaguzzista.com\/wp-content\/uploads\/2016\/08\/AnimaGuzzista_Badude_VengoAnchioNO_0008-150x150.jpg\" class=\"attachment-thumbnail size-thumbnail\" alt=\"\" srcset=\"http:\/\/www.animaguzzista.com\/wp-content\/uploads\/2016\/08\/AnimaGuzzista_Badude_VengoAnchioNO_0008-150x150.jpg 150w, http:\/\/www.animaguzzista.com\/wp-content\/uploads\/2016\/08\/AnimaGuzzista_Badude_VengoAnchioNO_0008-300x300.jpg 300w, http:\/\/www.animaguzzista.com\/wp-content\/uploads\/2016\/08\/AnimaGuzzista_Badude_VengoAnchioNO_0008-100x100.jpg 100w\" sizes=\"(max-width: 150px) 100vw, 150px\" \/><\/a>\n\t\t\t<\/div><\/figure>\n\t\t<\/div>\n<br \/>\nMi godo quindi per una bella mezz\u2019oretta il panorama, ed un altro panino, e poi scendendo faccio una sosta al rifugio, ancora chiuso (non sono nemmeno le 9), ma poco dopo arriva il gestore, dalla valle, mentre dall\u2019alto si fermano due ragazzi in moto, che, scoprir\u00f2 poco dopo, avevano campeggiato abusivamente in mezzo al bosco. Ci sentiamo reciprocamente parlare, e scoprendo di essere italiani, arriviamo presto a chiacchierare amabilmente, parlando (come tutti) delle nostre moto, dei nostri viaggi, e scherzando soprattutto su come abbiano fatto loro a passare la notte sulla montagna, in mezzo al bosco, con la bufera che picchiava forte. \u201cMA SIAMO ABITUATI\u201d, dice lei, e allora va bene cos\u00ec. Arriva il momento di andare, che devo fare un sacco di strada, e volendo pagare il mio caff\u00e8 al gestore, mi accorgo di aver lasciato il portafogli nel bauletto della moto. Porco can, che testa \u2026 non voglio dirlo ai ragazzi, perch\u00e9 si offrirebbero di pagarmelo ed io farei la figura del \u201cbambasot\u201d*, ma non voglio nemmeno allontanarmi senza dire qualcosa al gestore, mi sentirebbero. Devo insomma farmi offrire il caff\u00e8, ma con stile, eccheccavolo: \u201cRAGAZZI, IO DEVO ANDARE, MA POSSO OFFRIRVI IL CAFFE\u2019?\u201d \u201cNO, FERMO, NOI SIAMO IN DUE E TE LO PAGHIAMO NOI!\u201d \u201cGRAZIE, SIETE MOLTO CORTESI (\u2026.\u2019stardo, ancora\u2026).<\/p>\n<p>Parentesi: i ragazzi viaggiavano in sella alla nuova Africa Twin, ed avevano quella nera, bella moto ma anonima. Ma se io dovessi ancora comperare la moto nuova (la Guzzona ce l\u2019ho da settembre 2014) te la faccio vedere io, la Guzzi, Mandello e tutta la Piaggio: Honda CRF 1000 Africa Twin ROSSA. E nient\u2019altro, e fanculo ai giessisti (\u2026cos\u00ec\u2026. ad maiora\u2026.).<\/p>\n<p><a href=\"http:\/\/www.animaguzzista.com\/wp-content\/uploads\/2016\/08\/AnimaGuzzista_Badude_VengoAnchioNO_0009.jpg\" rel=\"attachment wp-att-6260\"><img loading=\"lazy\" decoding=\"async\" class=\" td-modal-image aligncenter wp-image-6260 size-thumbnail\" src=\"http:\/\/www.animaguzzista.com\/wp-content\/uploads\/2016\/08\/AnimaGuzzista_Badude_VengoAnchioNO_0009-150x150.jpg\" alt=\"AnimaGuzzista_Badude_VengoAnchioNO_0009\" width=\"150\" height=\"150\" srcset=\"http:\/\/www.animaguzzista.com\/wp-content\/uploads\/2016\/08\/AnimaGuzzista_Badude_VengoAnchioNO_0009-150x150.jpg 150w, http:\/\/www.animaguzzista.com\/wp-content\/uploads\/2016\/08\/AnimaGuzzista_Badude_VengoAnchioNO_0009-300x300.jpg 300w, http:\/\/www.animaguzzista.com\/wp-content\/uploads\/2016\/08\/AnimaGuzzista_Badude_VengoAnchioNO_0009-100x100.jpg 100w\" sizes=\"(max-width: 150px) 100vw, 150px\" \/><\/a>Il resto della giornata scorre, lunga lunga, ed io inanello una serie di passi bellissima, e mi godo la giornata come era un pezzo che non facevo, sempre pi\u00f9 contento della mia scelta di viaggiare da solo, di aver comprato la Guzzona (anche con l\u2019AT in giro\u2026), di aver programmato un giro cos\u00ec, di stare l\u00ec e non altrove. Sull\u2019Izoard, mentre mangio un\u2019altro dei miei ormai maturi panini, mi aggancia un distinto signore piemontese, capelli bianchi, piccolino, dicendomi che \u00e8 un Guzzista ed ha sempre guidato Guzzi, e mi chiede della mia Stelvio. Cosa posso avergli detto ?!!?\u2026.Lui \u00e8 venuto su con una moto che avevo appena finito di fotografare, una Mash 250, stile caf\u00e8, tutto sommato carina, e mentre parliamo mi accorgo che io gli sto dando del tu, ma lui rimane insistentemente sul \u201cLei\u201d. Non credo di avergli mancato di rispetto, ma se preferiva il Lei, avrei potuto essere pi\u00f9 attento\u2026<\/p>\n<div id='gallery-4' class='gallery galleryid-6250 gallery-columns-2 gallery-size-thumbnail'><figure class='gallery-item'>\n\t\t\t<div class='gallery-icon portrait'>\n\t\t\t\t<a href='http:\/\/www.animaguzzista.com\/?attachment_id=6261'><img loading=\"lazy\" decoding=\"async\" width=\"150\" height=\"150\" src=\"http:\/\/www.animaguzzista.com\/wp-content\/uploads\/2016\/08\/AnimaGuzzista_Badude_VengoAnchioNO_0010-150x150.jpg\" class=\"attachment-thumbnail size-thumbnail\" alt=\"\" srcset=\"http:\/\/www.animaguzzista.com\/wp-content\/uploads\/2016\/08\/AnimaGuzzista_Badude_VengoAnchioNO_0010-150x150.jpg 150w, http:\/\/www.animaguzzista.com\/wp-content\/uploads\/2016\/08\/AnimaGuzzista_Badude_VengoAnchioNO_0010-300x300.jpg 300w, http:\/\/www.animaguzzista.com\/wp-content\/uploads\/2016\/08\/AnimaGuzzista_Badude_VengoAnchioNO_0010-100x100.jpg 100w\" sizes=\"(max-width: 150px) 100vw, 150px\" \/><\/a>\n\t\t\t<\/div><\/figure><figure class='gallery-item'>\n\t\t\t<div class='gallery-icon landscape'>\n\t\t\t\t<a href='http:\/\/www.animaguzzista.com\/?attachment_id=6262'><img loading=\"lazy\" decoding=\"async\" width=\"150\" height=\"150\" src=\"http:\/\/www.animaguzzista.com\/wp-content\/uploads\/2016\/08\/AnimaGuzzista_Badude_VengoAnchioNO_0011-150x150.jpg\" class=\"attachment-thumbnail size-thumbnail\" alt=\"\" srcset=\"http:\/\/www.animaguzzista.com\/wp-content\/uploads\/2016\/08\/AnimaGuzzista_Badude_VengoAnchioNO_0011-150x150.jpg 150w, http:\/\/www.animaguzzista.com\/wp-content\/uploads\/2016\/08\/AnimaGuzzista_Badude_VengoAnchioNO_0011-300x300.jpg 300w, http:\/\/www.animaguzzista.com\/wp-content\/uploads\/2016\/08\/AnimaGuzzista_Badude_VengoAnchioNO_0011-100x100.jpg 100w\" sizes=\"(max-width: 150px) 100vw, 150px\" \/><\/a>\n\t\t\t<\/div><\/figure>\n\t\t<\/div>\n<br \/>\nScendendo dal Galibier, tempo dopo (siamo circa a met\u00e0 pomeriggio), si avvera nuovamente la previsione di meteofrance: acqua. Ma cos\u00ec, per non perdere l\u2019abitudine: un\u2019oretta d\u2019acqua, giusto per farti rimettere la tuta e romperti un po\u2019 gli zebedei\u2026<\/p>\n<div id='gallery-5' class='gallery galleryid-6250 gallery-columns-2 gallery-size-thumbnail'><figure class='gallery-item'>\n\t\t\t<div class='gallery-icon portrait'>\n\t\t\t\t<a href='http:\/\/www.animaguzzista.com\/?attachment_id=6263'><img loading=\"lazy\" decoding=\"async\" width=\"150\" height=\"150\" src=\"http:\/\/www.animaguzzista.com\/wp-content\/uploads\/2016\/08\/AnimaGuzzista_Badude_VengoAnchioNO_0012-150x150.jpg\" class=\"attachment-thumbnail size-thumbnail\" alt=\"\" srcset=\"http:\/\/www.animaguzzista.com\/wp-content\/uploads\/2016\/08\/AnimaGuzzista_Badude_VengoAnchioNO_0012-150x150.jpg 150w, http:\/\/www.animaguzzista.com\/wp-content\/uploads\/2016\/08\/AnimaGuzzista_Badude_VengoAnchioNO_0012-300x300.jpg 300w, http:\/\/www.animaguzzista.com\/wp-content\/uploads\/2016\/08\/AnimaGuzzista_Badude_VengoAnchioNO_0012-100x100.jpg 100w\" sizes=\"(max-width: 150px) 100vw, 150px\" \/><\/a>\n\t\t\t<\/div><\/figure><figure class='gallery-item'>\n\t\t\t<div class='gallery-icon landscape'>\n\t\t\t\t<a href='http:\/\/www.animaguzzista.com\/?attachment_id=6264'><img loading=\"lazy\" decoding=\"async\" width=\"150\" height=\"150\" src=\"http:\/\/www.animaguzzista.com\/wp-content\/uploads\/2016\/08\/AnimaGuzzista_Badude_VengoAnchioNO_0013-150x150.jpg\" class=\"attachment-thumbnail size-thumbnail\" alt=\"\" srcset=\"http:\/\/www.animaguzzista.com\/wp-content\/uploads\/2016\/08\/AnimaGuzzista_Badude_VengoAnchioNO_0013-150x150.jpg 150w, http:\/\/www.animaguzzista.com\/wp-content\/uploads\/2016\/08\/AnimaGuzzista_Badude_VengoAnchioNO_0013-300x300.jpg 300w, http:\/\/www.animaguzzista.com\/wp-content\/uploads\/2016\/08\/AnimaGuzzista_Badude_VengoAnchioNO_0013-100x100.jpg 100w\" sizes=\"(max-width: 150px) 100vw, 150px\" \/><\/a>\n\t\t\t<\/div><\/figure>\n\t\t<\/div>\n<br \/>\nE da qui al campeggio del secondo giorno, solo una cosa merita menzione: il rombo degli scarichi della mia Moto Guzzi, Stelvio 1.200 8V, oltre i 5.000 giri. La D-1006, da S.Michelle dM a Termignon, dove ho dormito, \u00e8 uno stradone largo, e nel tardo pomeriggio, di domenica, non c\u2019era traffico. Curvoni veloci, lenti saliscendi, poche macchine, ed un limite di velocit\u00e0 accettabile (che comunque fuori dai paesi non credo di aver rispettato). Non sono tanti chilometri, ma sono comunque arrivato col pieno rombo del motore negli orecchi, perch\u00e9 quello del bicilindrico Guzzi, quando \u00e8 caldo, cazzo se \u00e8 un rombo\u2026..inizia sotto le chiappe, poi ti sale lungo la schiena e se provi a far durare la goduria un po\u2019 di pi\u00f9, e tiri ancora, ma lentamente, ti entra nel casco e tu stai l\u00ec, che hai solo un piccolissimo pezzo di cervello (insieme agli occhi) che controlla la strada, ma tutto il resto di te \u00e8 dentro quella roba. \u201cVACCA BOIA, CHE ROBA\u2026CHE MOTO\u2026CHE FIGATA!!!\u201d Ogni sorpasso una goduria, ogni tirata un sorriso, per tirare quella successiva un pochetto di pi\u00f9, e godere un pochino di pi\u00f9.<\/p>\n<p>CCheggiornata!<\/p>\n<p>Esco dalla curvatura zero e, rientrato sul pianeta, arrivo al campeggio: Les Melezes. E\u2019 piccolo ed accogliente, e una volta sistemato in una \u201ccabine\u201d (la tenda era fradicia ed appallottolata in una borsa), vestito di nuovo e pulito, col giubbotto con le toppe a sfoggio di chiss\u00e0 quale carriera motociclistica, scendo in paese, a meno di 300 metri, e cerco un locale\u2026..in un paese deserto! Piccolo e deserto. Ma un bar, con una buona ambrata, lo trovo, e passo un\u2019ora intera a ripercorrere la giornata, a pensare al giro di domani, a scrivere qualche c@xx@ta su fb, a godermi il fresco della sera ed il silenzio, quasi assoluto, del paese.<\/p>\n<div id='gallery-6' class='gallery galleryid-6250 gallery-columns-3 gallery-size-thumbnail'><figure class='gallery-item'>\n\t\t\t<div class='gallery-icon portrait'>\n\t\t\t\t<a href='http:\/\/www.animaguzzista.com\/?attachment_id=6265'><img loading=\"lazy\" decoding=\"async\" width=\"150\" height=\"150\" src=\"http:\/\/www.animaguzzista.com\/wp-content\/uploads\/2016\/08\/AnimaGuzzista_Badude_VengoAnchioNO_0014-150x150.jpg\" class=\"attachment-thumbnail size-thumbnail\" alt=\"\" srcset=\"http:\/\/www.animaguzzista.com\/wp-content\/uploads\/2016\/08\/AnimaGuzzista_Badude_VengoAnchioNO_0014-150x150.jpg 150w, http:\/\/www.animaguzzista.com\/wp-content\/uploads\/2016\/08\/AnimaGuzzista_Badude_VengoAnchioNO_0014-300x300.jpg 300w, http:\/\/www.animaguzzista.com\/wp-content\/uploads\/2016\/08\/AnimaGuzzista_Badude_VengoAnchioNO_0014-100x100.jpg 100w, http:\/\/www.animaguzzista.com\/wp-content\/uploads\/2016\/08\/AnimaGuzzista_Badude_VengoAnchioNO_0014-575x580.jpg 575w\" sizes=\"(max-width: 150px) 100vw, 150px\" \/><\/a>\n\t\t\t<\/div><\/figure><figure class='gallery-item'>\n\t\t\t<div class='gallery-icon landscape'>\n\t\t\t\t<a href='http:\/\/www.animaguzzista.com\/?attachment_id=6266'><img loading=\"lazy\" decoding=\"async\" width=\"150\" height=\"150\" src=\"http:\/\/www.animaguzzista.com\/wp-content\/uploads\/2016\/08\/AnimaGuzzista_Badude_VengoAnchioNO_0015-150x150.jpg\" class=\"attachment-thumbnail size-thumbnail\" alt=\"\" srcset=\"http:\/\/www.animaguzzista.com\/wp-content\/uploads\/2016\/08\/AnimaGuzzista_Badude_VengoAnchioNO_0015-150x150.jpg 150w, http:\/\/www.animaguzzista.com\/wp-content\/uploads\/2016\/08\/AnimaGuzzista_Badude_VengoAnchioNO_0015-300x300.jpg 300w, http:\/\/www.animaguzzista.com\/wp-content\/uploads\/2016\/08\/AnimaGuzzista_Badude_VengoAnchioNO_0015-100x100.jpg 100w\" sizes=\"(max-width: 150px) 100vw, 150px\" \/><\/a>\n\t\t\t<\/div><\/figure><figure class='gallery-item'>\n\t\t\t<div class='gallery-icon portrait'>\n\t\t\t\t<a href='http:\/\/www.animaguzzista.com\/?attachment_id=6267'><img loading=\"lazy\" decoding=\"async\" width=\"150\" height=\"150\" src=\"http:\/\/www.animaguzzista.com\/wp-content\/uploads\/2016\/08\/AnimaGuzzista_Badude_VengoAnchioNO_0016-150x150.jpg\" class=\"attachment-thumbnail size-thumbnail\" alt=\"\" srcset=\"http:\/\/www.animaguzzista.com\/wp-content\/uploads\/2016\/08\/AnimaGuzzista_Badude_VengoAnchioNO_0016-150x150.jpg 150w, http:\/\/www.animaguzzista.com\/wp-content\/uploads\/2016\/08\/AnimaGuzzista_Badude_VengoAnchioNO_0016-300x300.jpg 300w, http:\/\/www.animaguzzista.com\/wp-content\/uploads\/2016\/08\/AnimaGuzzista_Badude_VengoAnchioNO_0016-100x100.jpg 100w\" sizes=\"(max-width: 150px) 100vw, 150px\" \/><\/a>\n\t\t\t<\/div><\/figure>\n\t\t<\/div>\n<br \/>\nDavvero gran bella giornata. E la mia Guzzi gran moto. Ed allora ecco foto e post per il mio meccanico, che si merita qualcosina anche lui, \u2026 \u00e8 anche simpatico\u2026<br \/>\nSi, per\u00f2 non \u00e8 possibile che io stia sempre cos\u00ec bene da solo. Devo avere qualcosa, un gene difettoso, o un carattere di m\u2026da. Oddio, le Suore della colonia in montagna, da piccolo, erano str\u2026e forte..\u2026non sar\u00e0 che\u2026.Vabb\u00e8, amen. Meglio il letto, visto che anche stasera la stanchezza si fa sentire.<br \/>\nMa domani\u2026domani le parole saranno inutili: una previsione meteo tradotta male, sulla porta del campeggio, mi convince a sfruttare appieno la mattina. Quindi sveglia prestissimo, e non erano ancora le 7 che uscivo dal cancello del camping rombando (c@xxii loro, io son venuto per andare in moto\u2026). Mi aspetta l\u2019Iseran, non la pi\u00f9 alta, ma per me decisamente la pi\u00f9 bella tra le cime di questi giorni, oltre che l\u2019ultima: a quell\u2019ora la strada era deserta, la luce ed i colori incredibili (forse solo perch\u00e9 stavo vivendo il mio sogno, cullato per un anno\u2026), ma ero l\u00ec.<\/p>\n<p>La vallata che porta a Bonneval sur Arc (bellissimo pesino tutto in pietra, da cartolina\u2026) \u00e8 lunga, piatta, e la strada che la taglia in due \u00e8 dritta come un fuso. Le montagne le fanno da contorno e cornice, da entrambe le parti, ma \u00e8 bellissima la parete a sinistra, resa rosa dal sole che sorge, che tinge dello stesso colore anche piccole nuvole di umidit\u00e0 ferme a mezza costa.<\/p>\n<p>A Bonneval sA inizia la salita al passo, e qui incontro camminatori che parcheggiano le macchine per avviarsi sui loro sentieri, alcune marmotte mi tagliano la strada, e l\u2019aria \u00e8 talmente fresca che \u2026\u2026. \u201cPUTANA MINGHINA VACA\u201d*\u2026 3 gradi??!?!?. Chissenefrega, resisto. Ma quell\u2019oretta abbondante di strada, dal campeggio alla cima dell\u2019Iseran, me la ricorder\u00f2 per un pezzo. Me la sono cercata, costruita, immaginata e programmata. Mi son creato problemi per questo giro, ma adesso ci sono.<\/p>\n<p>Arrivo in cima all\u2019Iseran, e faccio come quella volta che, da ragazzo, vidi \u201cQualcuno vol\u00f2 sul nido del cuculo\u201d: andai al cinema 2 volte, pagando entrambe il biglietto. Ho fatto e rifatto quel colle diverse volte, poi basta. Sono tornato a casa.<\/p>\n<div id='gallery-7' class='gallery galleryid-6250 gallery-columns-4 gallery-size-thumbnail'><figure class='gallery-item'>\n\t\t\t<div class='gallery-icon portrait'>\n\t\t\t\t<a href='http:\/\/www.animaguzzista.com\/?attachment_id=6268'><img loading=\"lazy\" decoding=\"async\" width=\"150\" height=\"150\" src=\"http:\/\/www.animaguzzista.com\/wp-content\/uploads\/2016\/08\/AnimaGuzzista_Badude_VengoAnchioNO_0017-150x150.jpg\" class=\"attachment-thumbnail size-thumbnail\" alt=\"\" srcset=\"http:\/\/www.animaguzzista.com\/wp-content\/uploads\/2016\/08\/AnimaGuzzista_Badude_VengoAnchioNO_0017-150x150.jpg 150w, http:\/\/www.animaguzzista.com\/wp-content\/uploads\/2016\/08\/AnimaGuzzista_Badude_VengoAnchioNO_0017-300x300.jpg 300w, http:\/\/www.animaguzzista.com\/wp-content\/uploads\/2016\/08\/AnimaGuzzista_Badude_VengoAnchioNO_0017-100x100.jpg 100w\" sizes=\"(max-width: 150px) 100vw, 150px\" \/><\/a>\n\t\t\t<\/div><\/figure><figure class='gallery-item'>\n\t\t\t<div class='gallery-icon landscape'>\n\t\t\t\t<a href='http:\/\/www.animaguzzista.com\/?attachment_id=6269'><img loading=\"lazy\" decoding=\"async\" width=\"150\" height=\"150\" src=\"http:\/\/www.animaguzzista.com\/wp-content\/uploads\/2016\/08\/AnimaGuzzista_Badude_VengoAnchioNO_0018-150x150.jpg\" class=\"attachment-thumbnail size-thumbnail\" alt=\"\" srcset=\"http:\/\/www.animaguzzista.com\/wp-content\/uploads\/2016\/08\/AnimaGuzzista_Badude_VengoAnchioNO_0018-150x150.jpg 150w, http:\/\/www.animaguzzista.com\/wp-content\/uploads\/2016\/08\/AnimaGuzzista_Badude_VengoAnchioNO_0018-300x300.jpg 300w, http:\/\/www.animaguzzista.com\/wp-content\/uploads\/2016\/08\/AnimaGuzzista_Badude_VengoAnchioNO_0018-100x100.jpg 100w\" sizes=\"(max-width: 150px) 100vw, 150px\" \/><\/a>\n\t\t\t<\/div><\/figure><figure class='gallery-item'>\n\t\t\t<div class='gallery-icon landscape'>\n\t\t\t\t<a href='http:\/\/www.animaguzzista.com\/?attachment_id=6270'><img loading=\"lazy\" decoding=\"async\" width=\"150\" height=\"150\" src=\"http:\/\/www.animaguzzista.com\/wp-content\/uploads\/2016\/08\/AnimaGuzzista_Badude_VengoAnchioNO_0019-150x150.jpg\" class=\"attachment-thumbnail size-thumbnail\" alt=\"\" srcset=\"http:\/\/www.animaguzzista.com\/wp-content\/uploads\/2016\/08\/AnimaGuzzista_Badude_VengoAnchioNO_0019-150x150.jpg 150w, http:\/\/www.animaguzzista.com\/wp-content\/uploads\/2016\/08\/AnimaGuzzista_Badude_VengoAnchioNO_0019-300x300.jpg 300w, http:\/\/www.animaguzzista.com\/wp-content\/uploads\/2016\/08\/AnimaGuzzista_Badude_VengoAnchioNO_0019-100x100.jpg 100w\" sizes=\"(max-width: 150px) 100vw, 150px\" \/><\/a>\n\t\t\t<\/div><\/figure><figure class='gallery-item'>\n\t\t\t<div class='gallery-icon landscape'>\n\t\t\t\t<a href='http:\/\/www.animaguzzista.com\/?attachment_id=6271'><img loading=\"lazy\" decoding=\"async\" width=\"150\" height=\"150\" src=\"http:\/\/www.animaguzzista.com\/wp-content\/uploads\/2016\/08\/AnimaGuzzista_Badude_VengoAnchioNO_0020-150x150.jpg\" class=\"attachment-thumbnail size-thumbnail\" alt=\"\" srcset=\"http:\/\/www.animaguzzista.com\/wp-content\/uploads\/2016\/08\/AnimaGuzzista_Badude_VengoAnchioNO_0020-150x150.jpg 150w, http:\/\/www.animaguzzista.com\/wp-content\/uploads\/2016\/08\/AnimaGuzzista_Badude_VengoAnchioNO_0020-300x300.jpg 300w, http:\/\/www.animaguzzista.com\/wp-content\/uploads\/2016\/08\/AnimaGuzzista_Badude_VengoAnchioNO_0020-100x100.jpg 100w\" sizes=\"(max-width: 150px) 100vw, 150px\" \/><\/a>\n\t\t\t<\/div><\/figure>\n\t\t<\/div>\n<br \/>\np.s.: rientrato da 1 mese, ho cercato di \u201ccompensare\u201d lasciando la moto in garage per tutto questo tempo, ma non mi ha mai chiesto nulla del mio viaggio. Nulla. E quando vado io sul discorso, lo lascia cadere con una nonchalance fantastica: \u201cnon \u00e8 interessante\u201d, dice.<\/p>\n<p>Oh, quando si offendono, lo fanno davvero\u2026<\/p>\n<p>*imbibito: [ \u00ecmbibii ] &#8211; termine dal dialetto, \u201cimbevuto\u201d;<\/p>\n<p>*gallone [ gal\u00f2un ] \u2013 il \u201cgallone\u201d \u00e8 il fianco, l\u2019anca;<\/p>\n<p>*bambasot [letterale, bambasot] \u2013 coglioncino smemorato ed approssimativo;<\/p>\n<p>*putana minghina vaca [letterale\u2026,] \u2013 antica imprecazione dialettale, ora sconosciuta ai pi\u00f9, \u201cquella vacca della minghina che fa la puttana\u201d<\/p>\n<p>Badude<\/p>\n","protected":false},"excerpt":{"rendered":"<p>&nbsp; Da un anno quasi esatto, la mia \u201cscienziatina\u201d studia a Grenoble, e tutte le volte che siamo andati a trovarla, attraversando il Frejus e girando intorno a quelle cime alte, dure e all\u2019apparenza bellissime, mi sono chiesto come sarebbe stato farle con la Guzzona. E\u2019 quindi nata pian pianino una idea, che mi sono [&hellip;]<\/p>\n","protected":false},"author":3,"featured_media":6264,"comment_status":"closed","ping_status":"closed","sticky":false,"template":"","format":"standard","meta":{"ngg_post_thumbnail":0,"footnotes":""},"categories":[42],"tags":[],"_links":{"self":[{"href":"http:\/\/www.animaguzzista.com\/index.php?rest_route=\/wp\/v2\/posts\/6250"}],"collection":[{"href":"http:\/\/www.animaguzzista.com\/index.php?rest_route=\/wp\/v2\/posts"}],"about":[{"href":"http:\/\/www.animaguzzista.com\/index.php?rest_route=\/wp\/v2\/types\/post"}],"author":[{"embeddable":true,"href":"http:\/\/www.animaguzzista.com\/index.php?rest_route=\/wp\/v2\/users\/3"}],"replies":[{"embeddable":true,"href":"http:\/\/www.animaguzzista.com\/index.php?rest_route=%2Fwp%2Fv2%2Fcomments&post=6250"}],"version-history":[{"count":3,"href":"http:\/\/www.animaguzzista.com\/index.php?rest_route=\/wp\/v2\/posts\/6250\/revisions"}],"predecessor-version":[{"id":6275,"href":"http:\/\/www.animaguzzista.com\/index.php?rest_route=\/wp\/v2\/posts\/6250\/revisions\/6275"}],"wp:featuredmedia":[{"embeddable":true,"href":"http:\/\/www.animaguzzista.com\/index.php?rest_route=\/wp\/v2\/media\/6264"}],"wp:attachment":[{"href":"http:\/\/www.animaguzzista.com\/index.php?rest_route=%2Fwp%2Fv2%2Fmedia&parent=6250"}],"wp:term":[{"taxonomy":"category","embeddable":true,"href":"http:\/\/www.animaguzzista.com\/index.php?rest_route=%2Fwp%2Fv2%2Fcategories&post=6250"},{"taxonomy":"post_tag","embeddable":true,"href":"http:\/\/www.animaguzzista.com\/index.php?rest_route=%2Fwp%2Fv2%2Ftags&post=6250"}],"curies":[{"name":"wp","href":"https:\/\/api.w.org\/{rel}","templated":true}]}}