{"id":701,"date":"2006-03-24T21:21:58","date_gmt":"2006-03-24T21:21:58","guid":{"rendered":"http:\/\/5.196.224.66\/?p=701"},"modified":"2015-03-25T14:19:35","modified_gmt":"2015-03-25T14:19:35","slug":"un-pomeriggio-di-berna-al-lavoro-venerdi-santo-2006","status":"publish","type":"post","link":"http:\/\/www.animaguzzista.com\/?p=701","title":{"rendered":"Un pomeriggio di berna al lavoro: Venerd\u00ec Santo 2006"},"content":{"rendered":"<p>di Giovanni Rizzardo<\/p>\n<p>Qualcuno non originario dalla scaligera citt\u00e0 si chieder\u00e0 cosa voglia dire \u201cfar berna\u201d. Qualcun altro, stavolta s\u00ec di origini scaligere, si chieder\u00e0 il perch\u00e9 un concetto tipicamente scolastico nonch\u00e9 infantile, venga utilizzato in ambito lavorativo, ancorch\u00e9 professionale.<br \/>\nDiciamo subito, onde sgomberare il campo da strane idee di edificazioni di citt\u00e0 elvetiche, che \u201cfar berna\u201d vuol semplicemente dire \u201cmarinare\u201d. Laddove, ovviamente, il termine \u201cmarinare\u201d venga associato a \u201cscuola\u201d.<br \/>\nBene. Sulla soglia dei 40 anni, con un discreto cammino scolastico alle spalle che mi ha condotto attraverso conoscenze in campi economici, giuridici per giungere a mete \u201cmanageriali\u201d, mi \u00e8 tornata quella sana voglia di far berna. S\u00ec. Per\u00f2 a cavallo di una bella rossa di 24 anni. La V65SP dell\u201982.<br \/>\nDa convintissimo abitante della Bassa che sono, quale miglior ambito per far berna di un sano giretto al Lago di Garda?<br \/>\nBene. Ore 14,30. Voglia di lavorare saltami addosso, che mi sposto prima!! Chiedo ai ragazzi dell\u2019ufficio di coprirmi mentre mi assento per qualche ora in uno dei primi splendidi pomeriggi del 2006, e subito dopo mi sentono turisticamente passare prima di loro (una volta tanto) la soglia del fine lavoro insieme alla bella Rossa di Mandello.<br \/>\nImboccata la 434 in direzione Verona raggiungo un altro centauro. Ma che mi sembra? S\u00ec: \u00e8 proprio il retrotreno di una Guzzi!<br \/>\nUna fiammante 750 Nevada condotta da un teutonico omone! Dopo una ventina di chilometri i nostri rispettivi itinerari ci separano al suono maestoso delle trombe anni \u201970 di equipaggiamento reciproco! Ciao, compagno di un momentaneo viaggio!<br \/>\nProseguo tranquillo in questa strada che, per noi abitanti confinanti del Polesine, \u00e8 come un profondo solco che taglia in due il Sud della provincia di Verona, avvicinandoci da un lato al capoluogo scaligero, e dall\u2019altro al capoluogo palesano. Strada che, purtroppo, in troppe occasioni si \u00e8 rivelata maledetta ladra di affetti talvolta vicinissimi!<br \/>\nLambisco la cintura sud di Verona per immettermi sulla SS11, tristemente nota per le sue caratteristiche notturne, e giungere cos\u00ec alla meta di Affi. Quasi d\u2019un fiato giungo ad Albisano, da dove \u00e8 bello fotografare uno scorcio di lago in controluce: si nota la traccia di un traghetto ormai approdato a Torri del Benaco. E\u2019 l\u00ec, mentre faccio un saluto a quel Cristo che troppo spesso dimentichiamo come spirituale sostegno, per ben ricordarlo in pesanti sequele, nella bella chiesetta di Albisano, che squilla il telefono (la mia croce, appunto!!)<\/p>\n<p><a href=\"http:\/\/5.196.224.66\/wp-content\/uploads\/2015\/03\/Un-pomeriggio-di-berna-al-lavoro-1.jpg\"><img loading=\"lazy\" decoding=\"async\" class=\" td-modal-image aligncenter wp-image-707 size-thumbnail\" src=\"http:\/\/5.196.224.66\/wp-content\/uploads\/2015\/03\/Un-pomeriggio-di-berna-al-lavoro-1-150x150.jpg\" alt=\"Un pomeriggio di berna al lavoro\" width=\"150\" height=\"150\" srcset=\"http:\/\/www.animaguzzista.com\/wp-content\/uploads\/2015\/03\/Un-pomeriggio-di-berna-al-lavoro-1-150x150.jpg 150w, http:\/\/www.animaguzzista.com\/wp-content\/uploads\/2015\/03\/Un-pomeriggio-di-berna-al-lavoro-1-300x300.jpg 300w, http:\/\/www.animaguzzista.com\/wp-content\/uploads\/2015\/03\/Un-pomeriggio-di-berna-al-lavoro-1-100x100.jpg 100w\" sizes=\"(max-width: 150px) 100vw, 150px\" \/><\/a><br \/>\nE\u2019 una telefonata di lavoro per farmi tornare bruscamente alla realt\u00e0: \u00e8 un amico di una notissima ditta cliente che mi chiama per farmi gli auguri di buona Pasqua. Ciao, Sandro! Auguri a te!! A presto! (Meno male che non erano rogne\u2026)! Di certo sto meglio io, una volta tanto!!<\/p>\n<p><a href=\"http:\/\/5.196.224.66\/wp-content\/uploads\/2015\/03\/Un-pomeriggio-di-berna-al-lavoro-2.jpg\"><img loading=\"lazy\" decoding=\"async\" class=\" td-modal-image aligncenter wp-image-706 size-thumbnail\" src=\"http:\/\/5.196.224.66\/wp-content\/uploads\/2015\/03\/Un-pomeriggio-di-berna-al-lavoro-2-150x150.jpg\" alt=\"Un pomeriggio di berna al lavoro\" width=\"150\" height=\"150\" srcset=\"http:\/\/www.animaguzzista.com\/wp-content\/uploads\/2015\/03\/Un-pomeriggio-di-berna-al-lavoro-2-150x150.jpg 150w, http:\/\/www.animaguzzista.com\/wp-content\/uploads\/2015\/03\/Un-pomeriggio-di-berna-al-lavoro-2-300x300.jpg 300w, http:\/\/www.animaguzzista.com\/wp-content\/uploads\/2015\/03\/Un-pomeriggio-di-berna-al-lavoro-2-100x100.jpg 100w\" sizes=\"(max-width: 150px) 100vw, 150px\" \/><\/a><br \/>\nEsco dalla chiesetta e risalgo sulla mia amata Rossa per riprendere il cammino che mi porter\u00e0 gi\u00f9 fino al ristoro dell\u2019oasi benacense. Torri si profila come splendida cittadina mittleuropea: i giovani ormai parlano almeno anche il tedesco, oltre al brenzonal! Ecco allora approfittare della scarsit\u00e0 di turisti (e di controlli) per intrufolarmi lungo la spiaggetta antistante ad Aquefredde: quante nuotate il giorno prima degli esami! Da l\u00ec la vista del castello della cittadina regala sensazioni degne di uno scenario da film.<\/p>\n<p><a href=\"http:\/\/5.196.224.66\/wp-content\/uploads\/2015\/03\/Un-pomeriggio-di-berna-al-lavoro-3.jpg\"><img loading=\"lazy\" decoding=\"async\" class=\" td-modal-image aligncenter wp-image-705 size-thumbnail\" src=\"http:\/\/5.196.224.66\/wp-content\/uploads\/2015\/03\/Un-pomeriggio-di-berna-al-lavoro-3-150x150.jpg\" alt=\"Un pomeriggio di berna al lavoro\" width=\"150\" height=\"150\" srcset=\"http:\/\/www.animaguzzista.com\/wp-content\/uploads\/2015\/03\/Un-pomeriggio-di-berna-al-lavoro-3-150x150.jpg 150w, http:\/\/www.animaguzzista.com\/wp-content\/uploads\/2015\/03\/Un-pomeriggio-di-berna-al-lavoro-3-300x300.jpg 300w, http:\/\/www.animaguzzista.com\/wp-content\/uploads\/2015\/03\/Un-pomeriggio-di-berna-al-lavoro-3-100x100.jpg 100w\" sizes=\"(max-width: 150px) 100vw, 150px\" \/><\/a>Lascio lo sdrucciolevole pietrisco della spiaggetta di Torri per incamminarmi alla volta di Garda, ed ecco profilarsi all\u2019orizzonte lo sperone dietro al quale sappiamo ergersi la magnifica Rocca di Garda.<br \/>\nQuanto avrei voluto, in un tempo ormai andato ed impossibile da ricuperare, poter passare qualche giorno nella solitudine di questa grandissima realt\u00e0 spirituale guidata dai Camaldolesi!! A me \u00e8 stata fatta bens\u00ec la grazia di poter respirare qualche alito di questa vita che sembra cos\u00ec impossibile a viversi, ma che cos\u00ec tanto d\u00e0 a chi riesce a slegarsi dalla materialit\u00e0 di un mondo alla deriva di principi.<\/p>\n<p><a href=\"http:\/\/5.196.224.66\/wp-content\/uploads\/2015\/03\/Un-pomeriggio-di-berna-al-lavoro-4.jpg\"><img loading=\"lazy\" decoding=\"async\" class=\" td-modal-image aligncenter wp-image-704 size-thumbnail\" src=\"http:\/\/5.196.224.66\/wp-content\/uploads\/2015\/03\/Un-pomeriggio-di-berna-al-lavoro-4-150x150.jpg\" alt=\"Un pomeriggio di berna al lavoro\" width=\"150\" height=\"150\" srcset=\"http:\/\/www.animaguzzista.com\/wp-content\/uploads\/2015\/03\/Un-pomeriggio-di-berna-al-lavoro-4-150x150.jpg 150w, http:\/\/www.animaguzzista.com\/wp-content\/uploads\/2015\/03\/Un-pomeriggio-di-berna-al-lavoro-4-300x300.jpg 300w, http:\/\/www.animaguzzista.com\/wp-content\/uploads\/2015\/03\/Un-pomeriggio-di-berna-al-lavoro-4-100x100.jpg 100w\" sizes=\"(max-width: 150px) 100vw, 150px\" \/><\/a>Splendidi ricordi che affiorano alla mente quando ormai oltre tre lustri or sono, su un\u2019altra gloriosa cavalcatura (Vespa PX125) transitavo per questi posti in compagnia di quella che sarebbe diventata la straordinaria ed impareggiabile compagna della mia vita: a te, Paola, dedico questo momento di evasione dalla frenesia dei comandamenti del nostro mondo, esclusivamente imperniato su valori materiali (e quindi passeggeri). S\u00ec: in sella alla V65SP vivo momenti di totale immersione nella purezza di un angolo che cos\u00ec tanto ha segnato nella mia vita: durante gli studi prima, e con la persona della mia vita subito dopo. Dio ti ringrazio di farmi tornare in questo Venerd\u00ec Santo alle origini del percorso che mi sta portando alla maturit\u00e0 umana.<br \/>\nMi giro e vedo lo splendido porticciolo di Garda che porta in cornice lo sfondo dell\u2019aristocratica Punta San Vigilio, che per qualche estate vide la bella Lady Diana riposarsi (serena?) nella villa reale.<\/p>\n<p>Mi giro ancora e non posso fare a meno di notare la bellezza dei cromatismi della chiesetta che sta di fronte al porto di Garda.<\/p>\n<p><a href=\"http:\/\/5.196.224.66\/wp-content\/uploads\/2015\/03\/Un-pomeriggio-di-berna-al-lavoro-5.jpg\"><img loading=\"lazy\" decoding=\"async\" class=\" td-modal-image aligncenter wp-image-703 size-thumbnail\" src=\"http:\/\/5.196.224.66\/wp-content\/uploads\/2015\/03\/Un-pomeriggio-di-berna-al-lavoro-5-150x150.jpg\" alt=\"Un pomeriggio di berna al lavoro\" width=\"150\" height=\"150\" srcset=\"http:\/\/www.animaguzzista.com\/wp-content\/uploads\/2015\/03\/Un-pomeriggio-di-berna-al-lavoro-5-150x150.jpg 150w, http:\/\/www.animaguzzista.com\/wp-content\/uploads\/2015\/03\/Un-pomeriggio-di-berna-al-lavoro-5-300x300.jpg 300w, http:\/\/www.animaguzzista.com\/wp-content\/uploads\/2015\/03\/Un-pomeriggio-di-berna-al-lavoro-5-100x100.jpg 100w\" sizes=\"(max-width: 150px) 100vw, 150px\" \/><\/a><\/p>\n<p>E\u2019 difficile disgiungere la nostra natura umana dal forte senso di presenza del soprannaturale: ovunque ci si rivolga \u00e8 presente una sorta di richiamo, direi quasi di richiesta di motricit\u00e0 che l\u2019uomo, nelle sue espressioni artistiche, vuole fare all\u2019Infinito.<\/p>\n<p>Giunge ormai al termine anche questo Venerd\u00ec Santo 2006 e gli obblighi e le responsabilit\u00e0 familiari e professionali impongono di collimare la via del ritorno a questo strano pellegrinaggio.<br \/>\nGrazie, Dio, per la possibilit\u00e0 che mi hai dato di vivere qualche ora in modo splendido, e di saper cogliere il momento; grazie ai miei carissimi collaboratori che riescono a crearmi questa possibilit\u00e0; grazie alla mia amata Paola che mi lascia gli spazi (ergo: vita) per me indispensabili per queste gite e grazie a Moto Guzzi: un sogno-realt\u00e0 che possiamo godere appieno nella modestia dei nostri mezzi quotidiani.<\/p>\n","protected":false},"excerpt":{"rendered":"<p>di Giovanni Rizzardo Qualcuno non originario dalla scaligera citt\u00e0 si chieder\u00e0 cosa voglia dire \u201cfar berna\u201d. Qualcun altro, stavolta s\u00ec di origini scaligere, si chieder\u00e0 il perch\u00e9 un concetto tipicamente scolastico nonch\u00e9 infantile, venga utilizzato in ambito lavorativo, ancorch\u00e9 professionale. Diciamo subito, onde sgomberare il campo da strane idee di edificazioni di citt\u00e0 elvetiche, che [&hellip;]<\/p>\n","protected":false},"author":3,"featured_media":706,"comment_status":"open","ping_status":"open","sticky":false,"template":"","format":"standard","meta":{"ngg_post_thumbnail":0,"footnotes":""},"categories":[6,42],"tags":[],"_links":{"self":[{"href":"http:\/\/www.animaguzzista.com\/index.php?rest_route=\/wp\/v2\/posts\/701"}],"collection":[{"href":"http:\/\/www.animaguzzista.com\/index.php?rest_route=\/wp\/v2\/posts"}],"about":[{"href":"http:\/\/www.animaguzzista.com\/index.php?rest_route=\/wp\/v2\/types\/post"}],"author":[{"embeddable":true,"href":"http:\/\/www.animaguzzista.com\/index.php?rest_route=\/wp\/v2\/users\/3"}],"replies":[{"embeddable":true,"href":"http:\/\/www.animaguzzista.com\/index.php?rest_route=%2Fwp%2Fv2%2Fcomments&post=701"}],"version-history":[{"count":4,"href":"http:\/\/www.animaguzzista.com\/index.php?rest_route=\/wp\/v2\/posts\/701\/revisions"}],"predecessor-version":[{"id":740,"href":"http:\/\/www.animaguzzista.com\/index.php?rest_route=\/wp\/v2\/posts\/701\/revisions\/740"}],"wp:featuredmedia":[{"embeddable":true,"href":"http:\/\/www.animaguzzista.com\/index.php?rest_route=\/wp\/v2\/media\/706"}],"wp:attachment":[{"href":"http:\/\/www.animaguzzista.com\/index.php?rest_route=%2Fwp%2Fv2%2Fmedia&parent=701"}],"wp:term":[{"taxonomy":"category","embeddable":true,"href":"http:\/\/www.animaguzzista.com\/index.php?rest_route=%2Fwp%2Fv2%2Fcategories&post=701"},{"taxonomy":"post_tag","embeddable":true,"href":"http:\/\/www.animaguzzista.com\/index.php?rest_route=%2Fwp%2Fv2%2Ftags&post=701"}],"curies":[{"name":"wp","href":"https:\/\/api.w.org\/{rel}","templated":true}]}}