{"id":872,"date":"2006-03-26T15:34:05","date_gmt":"2006-03-26T15:34:05","guid":{"rendered":"http:\/\/5.196.224.66\/?p=872"},"modified":"2015-03-26T15:50:19","modified_gmt":"2015-03-26T15:50:19","slug":"raid-norge-2006","status":"publish","type":"post","link":"http:\/\/www.animaguzzista.com\/?p=872","title":{"rendered":"Raid Norge 2006"},"content":{"rendered":"<p>Come alzarsi alle 4 del mattino senza nemmeno andare a Capo Nord<\/p>\n<p>di Iko<\/p>\n<p>Dunque\u2026 mumble mumble\u2026 domani \u00e8 luned\u00ec, lavoro ce n&#8217;\u00e8 poco\u2026 qua nella \u201cBassa\u201d fa caldo\u2026 cosa fare per rilassarsi? Mettersi in moto alle 5 del mattino per andare a vedere le Norge che partono per il Raid a Capo Nord! Che diamine! Il MINIMO che qualsiasi guzzista di buon senso farebbe! Ecceccacchio! ;-P<\/p>\n<p>Infilatomi in autostrada alle 5 del mattino capisco che fa caldo anche per i moscerini che sono tutti ancora in giro pronti ad \u201cabbracciare\u201d la mia visiera\u2026 vedersi un&#8217;alba in moto, comunque fa sempre un certo effetto.<br \/>\nPresa la superstrada per Lecco, pi\u00f9 o meno all&#8217;altezza di Seregno vengo \u201cspettinato\u201d da una Griso a tutta birra\u2026 Muttley secondo me sei in ritardo\u2026 Mi accodo al &#8220;socio&#8221; ed arriviamo a Mandello in poco tempo.<\/p>\n<p>A Mandello c&#8217;\u00e8 aria di festa, come di ricreazione: per la partenza del Raid? No. In stabilimento \u00e8 saltata la luce ed \u00e8 tutto fermo (chiss\u00e0 perch\u00e9 capita sempre al luned\u00ec mattina, neh?). Prontamente consiglio uno sguardo al fusibile del generale od ai rel\u00e9 sotto la sella\u2026 \ud83d\ude1b (corso intensivo per Bastard Inside: Diventa Guzzista!)<\/p>\n<div id='gallery-1' class='gallery galleryid-872 gallery-columns-3 gallery-size-thumbnail'><figure class='gallery-item'>\n\t\t\t<div class='gallery-icon portrait'>\n\t\t\t\t<a href='http:\/\/www.animaguzzista.com\/?attachment_id=873'><img loading=\"lazy\" decoding=\"async\" width=\"150\" height=\"150\" src=\"http:\/\/www.animaguzzista.com\/wp-content\/uploads\/2015\/03\/Raid-Norge-2006-2-150x150.jpg\" class=\"attachment-thumbnail size-thumbnail\" alt=\"Raid Norge 2006\" srcset=\"http:\/\/www.animaguzzista.com\/wp-content\/uploads\/2015\/03\/Raid-Norge-2006-2-150x150.jpg 150w, http:\/\/www.animaguzzista.com\/wp-content\/uploads\/2015\/03\/Raid-Norge-2006-2-300x300.jpg 300w, http:\/\/www.animaguzzista.com\/wp-content\/uploads\/2015\/03\/Raid-Norge-2006-2-100x100.jpg 100w\" sizes=\"(max-width: 150px) 100vw, 150px\" \/><\/a>\n\t\t\t<\/div><\/figure><figure class='gallery-item'>\n\t\t\t<div class='gallery-icon landscape'>\n\t\t\t\t<a href='http:\/\/www.animaguzzista.com\/?attachment_id=874'><img loading=\"lazy\" decoding=\"async\" width=\"150\" height=\"150\" src=\"http:\/\/www.animaguzzista.com\/wp-content\/uploads\/2015\/03\/Raid-Norge-2006-6-150x150.jpg\" class=\"attachment-thumbnail size-thumbnail\" alt=\"Raid Norge 2006\" srcset=\"http:\/\/www.animaguzzista.com\/wp-content\/uploads\/2015\/03\/Raid-Norge-2006-6-150x150.jpg 150w, http:\/\/www.animaguzzista.com\/wp-content\/uploads\/2015\/03\/Raid-Norge-2006-6-300x300.jpg 300w, http:\/\/www.animaguzzista.com\/wp-content\/uploads\/2015\/03\/Raid-Norge-2006-6-100x100.jpg 100w\" sizes=\"(max-width: 150px) 100vw, 150px\" \/><\/a>\n\t\t\t<\/div><\/figure><figure class='gallery-item'>\n\t\t\t<div class='gallery-icon portrait'>\n\t\t\t\t<a href='http:\/\/www.animaguzzista.com\/?attachment_id=875'><img loading=\"lazy\" decoding=\"async\" width=\"150\" height=\"150\" src=\"http:\/\/www.animaguzzista.com\/wp-content\/uploads\/2015\/03\/Raid-Norge-2006-5-150x150.jpg\" class=\"attachment-thumbnail size-thumbnail\" alt=\"Raid Norge 2006\" srcset=\"http:\/\/www.animaguzzista.com\/wp-content\/uploads\/2015\/03\/Raid-Norge-2006-5-150x150.jpg 150w, http:\/\/www.animaguzzista.com\/wp-content\/uploads\/2015\/03\/Raid-Norge-2006-5-300x300.jpg 300w, http:\/\/www.animaguzzista.com\/wp-content\/uploads\/2015\/03\/Raid-Norge-2006-5-100x100.jpg 100w\" sizes=\"(max-width: 150px) 100vw, 150px\" \/><\/a>\n\t\t\t<\/div><\/figure><figure class='gallery-item'>\n\t\t\t<div class='gallery-icon portrait'>\n\t\t\t\t<a href='http:\/\/www.animaguzzista.com\/?attachment_id=876'><img loading=\"lazy\" decoding=\"async\" width=\"150\" height=\"150\" src=\"http:\/\/www.animaguzzista.com\/wp-content\/uploads\/2015\/03\/Raid-Norge-2006-4-150x150.jpg\" class=\"attachment-thumbnail size-thumbnail\" alt=\"Raid Norge 2006\" srcset=\"http:\/\/www.animaguzzista.com\/wp-content\/uploads\/2015\/03\/Raid-Norge-2006-4-150x150.jpg 150w, http:\/\/www.animaguzzista.com\/wp-content\/uploads\/2015\/03\/Raid-Norge-2006-4-300x300.jpg 300w, http:\/\/www.animaguzzista.com\/wp-content\/uploads\/2015\/03\/Raid-Norge-2006-4-100x100.jpg 100w\" sizes=\"(max-width: 150px) 100vw, 150px\" \/><\/a>\n\t\t\t<\/div><\/figure><figure class='gallery-item'>\n\t\t\t<div class='gallery-icon landscape'>\n\t\t\t\t<a href='http:\/\/www.animaguzzista.com\/?attachment_id=877'><img loading=\"lazy\" decoding=\"async\" width=\"150\" height=\"150\" src=\"http:\/\/www.animaguzzista.com\/wp-content\/uploads\/2015\/03\/Raid-Norge-2006-3-150x150.jpg\" class=\"attachment-thumbnail size-thumbnail\" alt=\"Raid Norge 2006\" srcset=\"http:\/\/www.animaguzzista.com\/wp-content\/uploads\/2015\/03\/Raid-Norge-2006-3-150x150.jpg 150w, http:\/\/www.animaguzzista.com\/wp-content\/uploads\/2015\/03\/Raid-Norge-2006-3-300x300.jpg 300w, http:\/\/www.animaguzzista.com\/wp-content\/uploads\/2015\/03\/Raid-Norge-2006-3-100x100.jpg 100w\" sizes=\"(max-width: 150px) 100vw, 150px\" \/><\/a>\n\t\t\t<\/div><\/figure><figure class='gallery-item'>\n\t\t\t<div class='gallery-icon landscape'>\n\t\t\t\t<a href='http:\/\/www.animaguzzista.com\/?attachment_id=878'><img loading=\"lazy\" decoding=\"async\" width=\"150\" height=\"150\" src=\"http:\/\/www.animaguzzista.com\/wp-content\/uploads\/2015\/03\/Raid-Norge-2006-1-150x150.jpg\" class=\"attachment-thumbnail size-thumbnail\" alt=\"Raid Norge 2006\" srcset=\"http:\/\/www.animaguzzista.com\/wp-content\/uploads\/2015\/03\/Raid-Norge-2006-1-150x150.jpg 150w, http:\/\/www.animaguzzista.com\/wp-content\/uploads\/2015\/03\/Raid-Norge-2006-1-300x300.jpg 300w, http:\/\/www.animaguzzista.com\/wp-content\/uploads\/2015\/03\/Raid-Norge-2006-1-100x100.jpg 100w\" sizes=\"(max-width: 150px) 100vw, 150px\" \/><\/a>\n\t\t\t<\/div><\/figure>\n\t\t<\/div>\n\n<p>Poteva essere la mia, ma una &#8220;svista&#8221; del centro stampa mi ha escluso&#8230; SABOTAGGIO!!!<\/p>\n<p>Le altre Norge pronte a partire<\/p>\n<p>Le Norge sono l\u00ec allineate subito dopo l&#8217;ingresso: ce ne sono anche due rosse. Sar\u00e0, ma secondo me fa effetto \u201ccaramellone\u201d. Al solito piacer\u00e0 ai nostalgici un po&#8217; NAIF espatriati, tipo Gandalf o Goffredo per intenderci\u2026 :-PPP<\/p>\n<p>Arrivano i \u201cgiornalisti\u201d* (ma chi era quello tatuato? Secondo me da come camminava aveva pi\u00f9 fratture lui della faglia di S.Andrea) e preparano le moto. I furgoni di supporto, opportunamente, sono gi\u00e0 partiti il giorno prima\u2026<\/p>\n<p>*(leggi: paraculati, li odio li odio li odio, NON SONO UNO SPORTIVO)<\/p>\n<p>Incontro Marsa, Rugi, Arnamolder, Giancarlo, il Krime che al solito, mi spiega, riuscir\u00e0 a farsi 8.000,&#8211; Km per 5 giorni di vacanza in giro in Europa, e Muttley naturalmente che intuita la mia \u201csete\u201d di gadget mi rifila una maglietta GMG 2005 prima che abbia finito di grattare con le unghie l&#8217;adesivo del Raid da una delle moto.<\/p>\n<p>Naturalmente, parlando di Guzzi, i guasti gravi non mancano: \u201cben\u201d due giornalisti non riescono a partire immediatamente: lasciano il cavalletto aperto con la prima marcia inserita; come recita un prestigioso rotocalco da parrucchieri famoso per i confronti appropriati: \u201cle borse della Norge sono capienti, MA quelle di BMW sono belle; il logo BMW \u00e8 audace e aviario, MA Guzzi usa l&#8217;ANTIPATICO interruttore di sicurezza per la marcia inserita\u2026&#8221; \ud83d\ude09<\/p>\n<div id='gallery-2' class='gallery galleryid-872 gallery-columns-3 gallery-size-thumbnail'><figure class='gallery-item'>\n\t\t\t<div class='gallery-icon landscape'>\n\t\t\t\t<a href='http:\/\/www.animaguzzista.com\/?attachment_id=883'><img loading=\"lazy\" decoding=\"async\" width=\"150\" height=\"150\" src=\"http:\/\/www.animaguzzista.com\/wp-content\/uploads\/2015\/03\/Raid-Norge-2006-7-150x150.jpg\" class=\"attachment-thumbnail size-thumbnail\" alt=\"Raid Norge 2006\" srcset=\"http:\/\/www.animaguzzista.com\/wp-content\/uploads\/2015\/03\/Raid-Norge-2006-7-150x150.jpg 150w, http:\/\/www.animaguzzista.com\/wp-content\/uploads\/2015\/03\/Raid-Norge-2006-7-300x300.jpg 300w, http:\/\/www.animaguzzista.com\/wp-content\/uploads\/2015\/03\/Raid-Norge-2006-7-100x100.jpg 100w\" sizes=\"(max-width: 150px) 100vw, 150px\" \/><\/a>\n\t\t\t<\/div><\/figure><figure class='gallery-item'>\n\t\t\t<div class='gallery-icon portrait'>\n\t\t\t\t<a href='http:\/\/www.animaguzzista.com\/?attachment_id=882'><img loading=\"lazy\" decoding=\"async\" width=\"150\" height=\"150\" src=\"http:\/\/www.animaguzzista.com\/wp-content\/uploads\/2015\/03\/Raid-Norge-2006-8-150x150.jpg\" class=\"attachment-thumbnail size-thumbnail\" alt=\"Raid Norge 2006\" srcset=\"http:\/\/www.animaguzzista.com\/wp-content\/uploads\/2015\/03\/Raid-Norge-2006-8-150x150.jpg 150w, http:\/\/www.animaguzzista.com\/wp-content\/uploads\/2015\/03\/Raid-Norge-2006-8-300x300.jpg 300w, http:\/\/www.animaguzzista.com\/wp-content\/uploads\/2015\/03\/Raid-Norge-2006-8-100x100.jpg 100w\" sizes=\"(max-width: 150px) 100vw, 150px\" \/><\/a>\n\t\t\t<\/div><\/figure><figure class='gallery-item'>\n\t\t\t<div class='gallery-icon landscape'>\n\t\t\t\t<a href='http:\/\/www.animaguzzista.com\/?attachment_id=881'><img loading=\"lazy\" decoding=\"async\" width=\"150\" height=\"150\" src=\"http:\/\/www.animaguzzista.com\/wp-content\/uploads\/2015\/03\/Raid-Norge-2006-9-150x150.jpg\" class=\"attachment-thumbnail size-thumbnail\" alt=\"Raid Norge 2006\" srcset=\"http:\/\/www.animaguzzista.com\/wp-content\/uploads\/2015\/03\/Raid-Norge-2006-9-150x150.jpg 150w, http:\/\/www.animaguzzista.com\/wp-content\/uploads\/2015\/03\/Raid-Norge-2006-9-300x300.jpg 300w, http:\/\/www.animaguzzista.com\/wp-content\/uploads\/2015\/03\/Raid-Norge-2006-9-100x100.jpg 100w\" sizes=\"(max-width: 150px) 100vw, 150px\" \/><\/a>\n\t\t\t<\/div><\/figure><figure class='gallery-item'>\n\t\t\t<div class='gallery-icon landscape'>\n\t\t\t\t<a href='http:\/\/www.animaguzzista.com\/?attachment_id=880'><img loading=\"lazy\" decoding=\"async\" width=\"150\" height=\"150\" src=\"http:\/\/www.animaguzzista.com\/wp-content\/uploads\/2015\/03\/Raid-Norge-2006-010-150x150.jpg\" class=\"attachment-thumbnail size-thumbnail\" alt=\"Raid Norge 2006\" srcset=\"http:\/\/www.animaguzzista.com\/wp-content\/uploads\/2015\/03\/Raid-Norge-2006-010-150x150.jpg 150w, http:\/\/www.animaguzzista.com\/wp-content\/uploads\/2015\/03\/Raid-Norge-2006-010-300x300.jpg 300w, http:\/\/www.animaguzzista.com\/wp-content\/uploads\/2015\/03\/Raid-Norge-2006-010-100x100.jpg 100w\" sizes=\"(max-width: 150px) 100vw, 150px\" \/><\/a>\n\t\t\t<\/div><\/figure><figure class='gallery-item'>\n\t\t\t<div class='gallery-icon portrait'>\n\t\t\t\t<a href='http:\/\/www.animaguzzista.com\/?attachment_id=884'><img loading=\"lazy\" decoding=\"async\" width=\"150\" height=\"150\" src=\"http:\/\/www.animaguzzista.com\/wp-content\/uploads\/2015\/03\/Raid-Norge-2006-011-150x150.jpg\" class=\"attachment-thumbnail size-thumbnail\" alt=\"Raid Norge 2006\" srcset=\"http:\/\/www.animaguzzista.com\/wp-content\/uploads\/2015\/03\/Raid-Norge-2006-011-150x150.jpg 150w, http:\/\/www.animaguzzista.com\/wp-content\/uploads\/2015\/03\/Raid-Norge-2006-011-300x300.jpg 300w, http:\/\/www.animaguzzista.com\/wp-content\/uploads\/2015\/03\/Raid-Norge-2006-011-100x100.jpg 100w\" sizes=\"(max-width: 150px) 100vw, 150px\" \/><\/a>\n\t\t\t<\/div><\/figure><figure class='gallery-item'>\n\t\t\t<div class='gallery-icon landscape'>\n\t\t\t\t<a href='http:\/\/www.animaguzzista.com\/?attachment_id=879'><img loading=\"lazy\" decoding=\"async\" width=\"150\" height=\"150\" src=\"http:\/\/www.animaguzzista.com\/wp-content\/uploads\/2015\/03\/Raid-Norge-2006-012-150x150.jpg\" class=\"attachment-thumbnail size-thumbnail\" alt=\"Raid Norge 2006\" srcset=\"http:\/\/www.animaguzzista.com\/wp-content\/uploads\/2015\/03\/Raid-Norge-2006-012-150x150.jpg 150w, http:\/\/www.animaguzzista.com\/wp-content\/uploads\/2015\/03\/Raid-Norge-2006-012-300x300.jpg 300w, http:\/\/www.animaguzzista.com\/wp-content\/uploads\/2015\/03\/Raid-Norge-2006-012-100x100.jpg 100w\" sizes=\"(max-width: 150px) 100vw, 150px\" \/><\/a>\n\t\t\t<\/div><\/figure>\n\t\t<\/div>\n\n<p>La partenza tutto sommato \u00e8 molto tranquilla, nulla di particolare (pochi &#8220;storditi&#8221; come noi in giro&#8230;), la festa grossa \u00e8 stata alla presentazione il giorno prima. Il \u201ccorteo\u201d viene accompagnato nei primi chilometri dalla scorta del Moto Guzzi Club Mandello. Mi accodo anch&#8217;io fino a quando non entrano in superstrada sopra a Bellano.<\/p>\n<p>Bella idea, bella avventura: \u00e8 cosa buona ed auspicabile che Guzzi riscopra e usi la propria incredibile storia. Si potrebbe recriminare sul corso molto \u201cpatinato\u201d e un poco paludato scelto dalla nuova Gestione (magari coinvolgere anche degli appassionati tramite i Club non sarebbe stata una cattiva idea, IMHO) che pare scelga soprattutto di focalizzarsi sui nuovi obiettivi (target, per chi non capisce) di clientela\u2026 ma questa non \u00e8 la sede\u2026<\/p>\n<div id='gallery-3' class='gallery galleryid-872 gallery-columns-3 gallery-size-thumbnail'><figure class='gallery-item'>\n\t\t\t<div class='gallery-icon landscape'>\n\t\t\t\t<a href='http:\/\/www.animaguzzista.com\/?attachment_id=887'><img loading=\"lazy\" decoding=\"async\" width=\"150\" height=\"150\" src=\"http:\/\/www.animaguzzista.com\/wp-content\/uploads\/2015\/03\/Raid-Norge-2006-013-150x150.jpg\" class=\"attachment-thumbnail size-thumbnail\" alt=\"Raid Norge 2006\" srcset=\"http:\/\/www.animaguzzista.com\/wp-content\/uploads\/2015\/03\/Raid-Norge-2006-013-150x150.jpg 150w, http:\/\/www.animaguzzista.com\/wp-content\/uploads\/2015\/03\/Raid-Norge-2006-013-300x300.jpg 300w, http:\/\/www.animaguzzista.com\/wp-content\/uploads\/2015\/03\/Raid-Norge-2006-013-100x100.jpg 100w\" sizes=\"(max-width: 150px) 100vw, 150px\" \/><\/a>\n\t\t\t<\/div><\/figure><figure class='gallery-item'>\n\t\t\t<div class='gallery-icon portrait'>\n\t\t\t\t<a href='http:\/\/www.animaguzzista.com\/?attachment_id=886'><img loading=\"lazy\" decoding=\"async\" width=\"150\" height=\"150\" src=\"http:\/\/www.animaguzzista.com\/wp-content\/uploads\/2015\/03\/Raid-Norge-2006-014-150x150.jpg\" class=\"attachment-thumbnail size-thumbnail\" alt=\"Raid Norge 2006\" srcset=\"http:\/\/www.animaguzzista.com\/wp-content\/uploads\/2015\/03\/Raid-Norge-2006-014-150x150.jpg 150w, http:\/\/www.animaguzzista.com\/wp-content\/uploads\/2015\/03\/Raid-Norge-2006-014-300x300.jpg 300w, http:\/\/www.animaguzzista.com\/wp-content\/uploads\/2015\/03\/Raid-Norge-2006-014-100x100.jpg 100w\" sizes=\"(max-width: 150px) 100vw, 150px\" \/><\/a>\n\t\t\t<\/div><\/figure><figure class='gallery-item'>\n\t\t\t<div class='gallery-icon landscape'>\n\t\t\t\t<a href='http:\/\/www.animaguzzista.com\/?attachment_id=885'><img loading=\"lazy\" decoding=\"async\" width=\"150\" height=\"150\" src=\"http:\/\/www.animaguzzista.com\/wp-content\/uploads\/2015\/03\/Raid-Norge-2006-015-150x150.jpg\" class=\"attachment-thumbnail size-thumbnail\" alt=\"Raid Norge 2006\" srcset=\"http:\/\/www.animaguzzista.com\/wp-content\/uploads\/2015\/03\/Raid-Norge-2006-015-150x150.jpg 150w, http:\/\/www.animaguzzista.com\/wp-content\/uploads\/2015\/03\/Raid-Norge-2006-015-300x300.jpg 300w, http:\/\/www.animaguzzista.com\/wp-content\/uploads\/2015\/03\/Raid-Norge-2006-015-100x100.jpg 100w\" sizes=\"(max-width: 150px) 100vw, 150px\" \/><\/a>\n\t\t\t<\/div><\/figure>\n\t\t<\/div>\n\n<p>Lascio Mandello con il pensiero a Giuseppe Guzzi che in sella a quel \u201ctrabiccolo\u201d (si fa per dire) di 500 cc se ne parte per Capo Nord, con strade sconnesse e spesso non asfaltate, vestito di lana e pelle\u2026 Impresa che proporzionalmente dovrebbe vedere le Norge impegnate nel giro del mondo a marcia indietro per eguagliarla\u2026 Ma ora \u00e8 un&#8217;altra storia, sempre di Guzzi per\u00f2!<\/p>\n","protected":false},"excerpt":{"rendered":"<p>Come alzarsi alle 4 del mattino senza nemmeno andare a Capo Nord di Iko Dunque\u2026 mumble mumble\u2026 domani \u00e8 luned\u00ec, lavoro ce n&#8217;\u00e8 poco\u2026 qua nella \u201cBassa\u201d fa caldo\u2026 cosa fare per rilassarsi? Mettersi in moto alle 5 del mattino per andare a vedere le Norge che partono per il Raid a Capo Nord! Che [&hellip;]<\/p>\n","protected":false},"author":3,"featured_media":885,"comment_status":"open","ping_status":"open","sticky":false,"template":"","format":"standard","meta":{"ngg_post_thumbnail":0,"footnotes":""},"categories":[6,42],"tags":[],"_links":{"self":[{"href":"http:\/\/www.animaguzzista.com\/index.php?rest_route=\/wp\/v2\/posts\/872"}],"collection":[{"href":"http:\/\/www.animaguzzista.com\/index.php?rest_route=\/wp\/v2\/posts"}],"about":[{"href":"http:\/\/www.animaguzzista.com\/index.php?rest_route=\/wp\/v2\/types\/post"}],"author":[{"embeddable":true,"href":"http:\/\/www.animaguzzista.com\/index.php?rest_route=\/wp\/v2\/users\/3"}],"replies":[{"embeddable":true,"href":"http:\/\/www.animaguzzista.com\/index.php?rest_route=%2Fwp%2Fv2%2Fcomments&post=872"}],"version-history":[{"count":1,"href":"http:\/\/www.animaguzzista.com\/index.php?rest_route=\/wp\/v2\/posts\/872\/revisions"}],"predecessor-version":[{"id":888,"href":"http:\/\/www.animaguzzista.com\/index.php?rest_route=\/wp\/v2\/posts\/872\/revisions\/888"}],"wp:featuredmedia":[{"embeddable":true,"href":"http:\/\/www.animaguzzista.com\/index.php?rest_route=\/wp\/v2\/media\/885"}],"wp:attachment":[{"href":"http:\/\/www.animaguzzista.com\/index.php?rest_route=%2Fwp%2Fv2%2Fmedia&parent=872"}],"wp:term":[{"taxonomy":"category","embeddable":true,"href":"http:\/\/www.animaguzzista.com\/index.php?rest_route=%2Fwp%2Fv2%2Fcategories&post=872"},{"taxonomy":"post_tag","embeddable":true,"href":"http:\/\/www.animaguzzista.com\/index.php?rest_route=%2Fwp%2Fv2%2Ftags&post=872"}],"curies":[{"name":"wp","href":"https:\/\/api.w.org\/{rel}","templated":true}]}}