{"id":978,"date":"2005-06-06T17:54:41","date_gmt":"2005-06-06T17:54:41","guid":{"rendered":"http:\/\/5.196.224.66\/?p=978"},"modified":"2015-05-18T19:47:04","modified_gmt":"2015-05-18T19:47:04","slug":"viaggio-a-capo-nord","status":"publish","type":"post","link":"http:\/\/www.animaguzzista.com\/?p=978","title":{"rendered":"Viaggio a Capo Nord"},"content":{"rendered":"<p>Di Davide Pizzocaro<\/p>\n<p>&nbsp;<\/p>\n<p>Io e la mia V11 Scura.<br \/>\nSi una Moto Guzzi, di quelle d\u2019annata.<br \/>\nDecisione presa ad inizio anno. A dir la verit\u00e0 dovevo andarci con Impe, che poi ha dovuto dare \u201cliscio\u201d. Dopo una breve discussione con mia moglie: semaforo verde.<br \/>\nPreparazione minima, solo itinerario Michelin, d\u2019altronde, non mi serviva altro.<br \/>\nProgramma: andata via Norvegia e ritorno via Finlandia e Svezia, per passare dall\u2019Europa continentale alla Scandinavia avrei fatto due ponti in Danimarca, quello tra l\u2019isola di Fyn e Sjelland e quello sull\u2019Oresund (Danimarca-Svezia) che, fino a sette anni fa era il pi\u00f9 lungo d\u2019Europa.<\/p>\n<p>Luned\u00ec 6 Giugno<br \/>\nPartenza ore 6.20 Bresso, appena finito un temporale. Brogeda, S. Bernadino, Breganza e poi tutta autostrada, fino in Danimarca. Arrivo ad Odensa alle 22.30.cena frugale e a letto.<br \/>\nTotale: km 1.462; ore di guida: 16,10 di cui 12 sotto forte pioggia.<\/p>\n<p>Marted\u00ec 7 giugno<br \/>\nPartenza alle 8.25 da Odensa,<br \/>\nTempo terso ma vento a circa 40 nodi, al traverso, ci sar\u00e0 da divertirsi sui due ponti&#8230;<\/p>\n<p>Primo ponte e lascio l\u2019Europa continentale.<\/p>\n<p>Secondo ponte&#8230; In effetti la moto \u00e8 inclinata costantemente e devo farmi proteggere dal vento da un fuoristrada<\/p>\n<div id='gallery-1' class='gallery galleryid-978 gallery-columns-2 gallery-size-thumbnail'><figure class='gallery-item'>\n\t\t\t<div class='gallery-icon landscape'>\n\t\t\t\t<a href='http:\/\/www.animaguzzista.com\/?attachment_id=979'><img loading=\"lazy\" decoding=\"async\" width=\"150\" height=\"150\" src=\"http:\/\/www.animaguzzista.com\/wp-content\/uploads\/2015\/03\/AnimaGuzzista-Racconti-Viaggio-a-Capo-Nord-2-150x150.jpg\" class=\"attachment-thumbnail size-thumbnail\" alt=\"\" srcset=\"http:\/\/www.animaguzzista.com\/wp-content\/uploads\/2015\/03\/AnimaGuzzista-Racconti-Viaggio-a-Capo-Nord-2-150x150.jpg 150w, http:\/\/www.animaguzzista.com\/wp-content\/uploads\/2015\/03\/AnimaGuzzista-Racconti-Viaggio-a-Capo-Nord-2-300x300.jpg 300w, http:\/\/www.animaguzzista.com\/wp-content\/uploads\/2015\/03\/AnimaGuzzista-Racconti-Viaggio-a-Capo-Nord-2-100x100.jpg 100w\" sizes=\"(max-width: 150px) 100vw, 150px\" \/><\/a>\n\t\t\t<\/div><\/figure><figure class='gallery-item'>\n\t\t\t<div class='gallery-icon landscape'>\n\t\t\t\t<a href='http:\/\/www.animaguzzista.com\/?attachment_id=980'><img loading=\"lazy\" decoding=\"async\" width=\"150\" height=\"150\" src=\"http:\/\/www.animaguzzista.com\/wp-content\/uploads\/2015\/03\/AnimaGuzzista-Racconti-Viaggio-a-Capo-Nord-1-150x150.jpg\" class=\"attachment-thumbnail size-thumbnail\" alt=\"\" srcset=\"http:\/\/www.animaguzzista.com\/wp-content\/uploads\/2015\/03\/AnimaGuzzista-Racconti-Viaggio-a-Capo-Nord-1-150x150.jpg 150w, http:\/\/www.animaguzzista.com\/wp-content\/uploads\/2015\/03\/AnimaGuzzista-Racconti-Viaggio-a-Capo-Nord-1-300x300.jpg 300w, http:\/\/www.animaguzzista.com\/wp-content\/uploads\/2015\/03\/AnimaGuzzista-Racconti-Viaggio-a-Capo-Nord-1-100x100.jpg 100w\" sizes=\"(max-width: 150px) 100vw, 150px\" \/><\/a>\n\t\t\t<\/div><\/figure>\n\t\t<\/div>\n\n<p>&nbsp;<\/p>\n<p>Svezia, Malmoe, Goteborg e poi Norvegia. Oslo, il tempo tiene, si prosegue verso nord. Poche foto, guidare \u00e8 una libidine e poi oggi vorrei fermarmi solo per i rifornimenti. Non sono i paesaggi il motivo per cui sono qui.<br \/>\nDopo Oslo cominciano le montagne. Non sono come le nostre ma hanno il loro fascino. Sono antiche, le cime sono molto arrotondate dal tempo. Lungo i fiordi la strada \u00e8 un misto velocissimo, da sballare. Faccio fatica a non fermarmi ad ogni chilometro, il paesaggio dei fiordi \u00e8 stupendo con questo tempo.<br \/>\nArrivo a Lillehammer che il sole comincia a calare, faccio un paio di passi di montagno (600 m), traffico scarso, proseguo per Oppdal, dormir\u00f2 l\u00ec stanotte.<\/p>\n<p>Totale km. 1.215; ore di guida 14.<\/p>\n<div id='gallery-2' class='gallery galleryid-978 gallery-columns-2 gallery-size-thumbnail'><figure class='gallery-item'>\n\t\t\t<div class='gallery-icon landscape'>\n\t\t\t\t<a href='http:\/\/www.animaguzzista.com\/?attachment_id=984'><img loading=\"lazy\" decoding=\"async\" width=\"150\" height=\"150\" src=\"http:\/\/www.animaguzzista.com\/wp-content\/uploads\/2015\/03\/AnimaGuzzista-Racconti-Viaggio-a-Capo-Nord-3-150x150.jpg\" class=\"attachment-thumbnail size-thumbnail\" alt=\"\" srcset=\"http:\/\/www.animaguzzista.com\/wp-content\/uploads\/2015\/03\/AnimaGuzzista-Racconti-Viaggio-a-Capo-Nord-3-150x150.jpg 150w, http:\/\/www.animaguzzista.com\/wp-content\/uploads\/2015\/03\/AnimaGuzzista-Racconti-Viaggio-a-Capo-Nord-3-300x300.jpg 300w, http:\/\/www.animaguzzista.com\/wp-content\/uploads\/2015\/03\/AnimaGuzzista-Racconti-Viaggio-a-Capo-Nord-3-100x100.jpg 100w\" sizes=\"(max-width: 150px) 100vw, 150px\" \/><\/a>\n\t\t\t<\/div><\/figure><figure class='gallery-item'>\n\t\t\t<div class='gallery-icon landscape'>\n\t\t\t\t<a href='http:\/\/www.animaguzzista.com\/?attachment_id=982'><img loading=\"lazy\" decoding=\"async\" width=\"150\" height=\"150\" src=\"http:\/\/www.animaguzzista.com\/wp-content\/uploads\/2015\/03\/AnimaGuzzista-Racconti-Viaggio-a-Capo-Nord-4-150x150.jpg\" class=\"attachment-thumbnail size-thumbnail\" alt=\"\" srcset=\"http:\/\/www.animaguzzista.com\/wp-content\/uploads\/2015\/03\/AnimaGuzzista-Racconti-Viaggio-a-Capo-Nord-4-150x150.jpg 150w, http:\/\/www.animaguzzista.com\/wp-content\/uploads\/2015\/03\/AnimaGuzzista-Racconti-Viaggio-a-Capo-Nord-4-300x300.jpg 300w, http:\/\/www.animaguzzista.com\/wp-content\/uploads\/2015\/03\/AnimaGuzzista-Racconti-Viaggio-a-Capo-Nord-4-100x100.jpg 100w\" sizes=\"(max-width: 150px) 100vw, 150px\" \/><\/a>\n\t\t\t<\/div><\/figure>\n\t\t<\/div>\n\n<p>&nbsp;<\/p>\n<p>Mercoled\u00ec 8 Giugno<br \/>\npartenza alle 9.55: ho fatto fatica ad alzarmi&#8230;<br \/>\nInizia a piovere, niente di speciale, sono poco pi\u00f9 che spruzzi, anche se freddi (5 gradi circa). Mentre proseguo la pioggia aumenta, fa freddo, per strada incrocio qualche camion e camper Tedesco od Olandese. Faccio quattro passi di montagna, sono abbastanza agitato, non c\u2019\u00e8 praticamente nessuno! Neve tutto intorno, nuvole basse e piove&#8230; praticamente ghiaccio! La strada fuma (si, fuma veramente, qui le riscaldano sui passi montani pi\u00f9 freddi, con resistenze annegate nell\u2019asfalto, almeno credo). Mi rendo conto che il mio abbigliamento non \u00e8 proprio dei migliori: maglietta di cotone pesante, maglione zip di cotone (Guzzi of course\u2026), giubbotto di pelle e cerata; sotto, Levis 501 e antipioggia senza imbottitura (zioporc&#8230; che freddo!!). Mani fradicie perch\u00e9 i copriguanti tengono le prime due-tre ore, poi si allagano e si inzuppano anche i guanti di pelle&#8230;Bravo, proprio ben attrezzato! Mi vengono in mente i tre tedeschi che ho incrociato in Germania: quello s\u00ec che era un abbigliamento adatto, bravi loro, stupido io, avanti lo stesso.<br \/>\nFinalmente un punto di riferimento per il mio viaggio: il circolo polare. Nel piazzale ci sono tre camper Tedeschi e due macchine di ragazzi locali che si fanno una birra; se ne vanno appena arrivo. Neanche un cristiano per farmi fare la foto, vabb\u00e8, no problem, faccio io.<\/p>\n<p><a href=\"http:\/\/5.196.224.66\/wp-content\/uploads\/2015\/03\/AnimaGuzzista-Racconti-Viaggio-a-Capo-Nord-51.jpg\"><img loading=\"lazy\" decoding=\"async\" class=\" td-modal-image aligncenter wp-image-983 size-thumbnail\" src=\"http:\/\/5.196.224.66\/wp-content\/uploads\/2015\/03\/AnimaGuzzista-Racconti-Viaggio-a-Capo-Nord-51-150x150.jpg\" alt=\"AnimaGuzzista Racconti Viaggio a Capo Nord 5\" width=\"150\" height=\"150\" srcset=\"http:\/\/www.animaguzzista.com\/wp-content\/uploads\/2015\/03\/AnimaGuzzista-Racconti-Viaggio-a-Capo-Nord-51-150x150.jpg 150w, http:\/\/www.animaguzzista.com\/wp-content\/uploads\/2015\/03\/AnimaGuzzista-Racconti-Viaggio-a-Capo-Nord-51-300x300.jpg 300w, http:\/\/www.animaguzzista.com\/wp-content\/uploads\/2015\/03\/AnimaGuzzista-Racconti-Viaggio-a-Capo-Nord-51-100x100.jpg 100w\" sizes=\"(max-width: 150px) 100vw, 150px\" \/><\/a><\/p>\n<p>Continua a piovere che dio la manda, sono stanco, finalmente arrivo a Moi-rana e vedo un albergo con tutti i crismi. Sono le 9.30 di sera, guido da quasi 12 ore sotto un\u2019acqua d\u2019inferno ed ovviamente mi pregustavo gi\u00e0 la doccia calda ma: \u201cI\u2019m sorry, it\u2019s fully booked\u201d (Spiacenti, l&#8217;albergo \u00e8 al completo).<br \/>\nMi indica un albergo a 70 km che \u00e8 l\u2019unico ad avere stanze libere. Piove cos\u00ec forte che \u00e8 da non credere. Alternative zero; un\u2019altra ora e mezzo di guida in montagna con una serie infinita di tunnel stretti e bui, freddi come un congelatore e con parecchie buche. Arrivo a destinazione alle 22.45. Totale km 672 ore di guida: 13.<br \/>\nUna media devastante, sono distrutto, infreddolito e bagnato fino al midollo, il tempo sar\u00e0 cos\u00ec anche domani, dicono i Norvegesi. Tra l\u2019altro mi sono perso per strada i due bulloni che tengono il silenziatore destro. Ho dovuto fissarlo col fil di ferro che devo curare praticamente ad ogni buca (e sono tante!); sembra un viaggio all\u2019inferno&#8230;basta: rinuncio!<br \/>\nMando un sms a pochi intimi per l\u2019annuncio funesto. Devo comunque arrivare ad Alta.<\/p>\n<p>Gioved\u00ec 9 Giugno<br \/>\nPartenza h. 8.25<br \/>\nContinua a piovere, i Norvegesi avevano ragione, ok, tanto ho gi\u00e0 rinunciato.<br \/>\nTraghetto, tempo di attesa mezz\u2019ora, si pu\u00f2 fare qualche foto, e bere un caff\u00e8 caldo.<br \/>\nIl paesaggio cambia, la vegetazione diventa pi\u00f9 rada e cominciano a vedersi le renne. Per fortuna si tengono lontane dalla carreggiata.<br \/>\nLa pioggia cala, ogni tanto il sole si fa vedere. Mi fermo per qualche scatto.<\/p>\n<p>Avanti, manca ancora un pezzo ad Alta.<br \/>\nLungo la strada il tempo migliora, ancora qualche scatto, tanto adesso ho tempo.<br \/>\nArrivo al Alta alle 7 di sera, albergo, mangiata con tutti i crismi e senza guardare il conto: da queste parti \u00e8 facile spendere 100 Euro per una cena normalissima. Mi concedo della carne di balena, squisita. Sono triste, se non fosse stato per il tempo &#8211; ho pensato &#8211; ce l\u2019avrei senz\u2019altro fatta.<br \/>\nQualche foto del fiordo di Alta<\/p>\n<p>Totale km 747 ore di guida 9,35.<\/p>\n<p>Credo sia stato in quel momento che ho deciso di proseguire. Era ancora presto quando sono andato in camera, rifocillato e asciugato ed ho deciso di proseguire.<br \/>\nAvrei dovuto svegliarmi presto, programmo per le 4.00 la partenza. Al Plateau di Capo Nord sono circa 260 km. Il sole, come si vede, \u00e8 gi\u00e0 in alto.<\/p>\n<div id='gallery-3' class='gallery galleryid-978 gallery-columns-3 gallery-size-thumbnail'><figure class='gallery-item'>\n\t\t\t<div class='gallery-icon landscape'>\n\t\t\t\t<a href='http:\/\/www.animaguzzista.com\/?attachment_id=990'><img loading=\"lazy\" decoding=\"async\" width=\"150\" height=\"150\" src=\"http:\/\/www.animaguzzista.com\/wp-content\/uploads\/2015\/03\/AnimaGuzzista-Racconti-Viaggio-a-Capo-Nord-6-150x150.jpg\" class=\"attachment-thumbnail size-thumbnail\" alt=\"\" srcset=\"http:\/\/www.animaguzzista.com\/wp-content\/uploads\/2015\/03\/AnimaGuzzista-Racconti-Viaggio-a-Capo-Nord-6-150x150.jpg 150w, http:\/\/www.animaguzzista.com\/wp-content\/uploads\/2015\/03\/AnimaGuzzista-Racconti-Viaggio-a-Capo-Nord-6-300x300.jpg 300w, http:\/\/www.animaguzzista.com\/wp-content\/uploads\/2015\/03\/AnimaGuzzista-Racconti-Viaggio-a-Capo-Nord-6-100x100.jpg 100w\" sizes=\"(max-width: 150px) 100vw, 150px\" \/><\/a>\n\t\t\t<\/div><\/figure><figure class='gallery-item'>\n\t\t\t<div class='gallery-icon landscape'>\n\t\t\t\t<a href='http:\/\/www.animaguzzista.com\/?attachment_id=989'><img loading=\"lazy\" decoding=\"async\" width=\"150\" height=\"150\" src=\"http:\/\/www.animaguzzista.com\/wp-content\/uploads\/2015\/03\/AnimaGuzzista-Racconti-Viaggio-a-Capo-Nord-7-150x150.jpg\" class=\"attachment-thumbnail size-thumbnail\" alt=\"\" srcset=\"http:\/\/www.animaguzzista.com\/wp-content\/uploads\/2015\/03\/AnimaGuzzista-Racconti-Viaggio-a-Capo-Nord-7-150x150.jpg 150w, http:\/\/www.animaguzzista.com\/wp-content\/uploads\/2015\/03\/AnimaGuzzista-Racconti-Viaggio-a-Capo-Nord-7-300x300.jpg 300w, http:\/\/www.animaguzzista.com\/wp-content\/uploads\/2015\/03\/AnimaGuzzista-Racconti-Viaggio-a-Capo-Nord-7-100x100.jpg 100w\" sizes=\"(max-width: 150px) 100vw, 150px\" \/><\/a>\n\t\t\t<\/div><\/figure><figure class='gallery-item'>\n\t\t\t<div class='gallery-icon landscape'>\n\t\t\t\t<a href='http:\/\/www.animaguzzista.com\/?attachment_id=985'><img loading=\"lazy\" decoding=\"async\" width=\"150\" height=\"150\" src=\"http:\/\/www.animaguzzista.com\/wp-content\/uploads\/2015\/03\/AnimaGuzzista-Racconti-Viaggio-a-Capo-Nord-8-150x150.jpg\" class=\"attachment-thumbnail size-thumbnail\" alt=\"\" srcset=\"http:\/\/www.animaguzzista.com\/wp-content\/uploads\/2015\/03\/AnimaGuzzista-Racconti-Viaggio-a-Capo-Nord-8-150x150.jpg 150w, http:\/\/www.animaguzzista.com\/wp-content\/uploads\/2015\/03\/AnimaGuzzista-Racconti-Viaggio-a-Capo-Nord-8-300x300.jpg 300w, http:\/\/www.animaguzzista.com\/wp-content\/uploads\/2015\/03\/AnimaGuzzista-Racconti-Viaggio-a-Capo-Nord-8-100x100.jpg 100w\" sizes=\"(max-width: 150px) 100vw, 150px\" \/><\/a>\n\t\t\t<\/div><\/figure>\n\t\t<\/div>\n\n<p>Venerd\u00ec 10 Giugno 2005 ore 3.54<br \/>\nMi butto per strada a tutta manetta, trovo un tempo strano; nuvole bassissime che contornano una valle in mezzo alla quale corre la strada dritta come un righello. Fa un freddo cane e a 200 all\u2019ora ancora di pi\u00f9.<\/p>\n<p>Arrivo ad Hammerfest alle 6.00 ed il benzinaio \u00e8 chiuso, proseguo per Honnisvag ed alle 6.30, mi scrive che apre alle 7.00. Una corsa per nulla. Non ho pi\u00f9 benzina.<\/p>\n<p>La prendo con calma e mi faccio una sigaretta con in vista l\u2019aereoporto. A proposito, chi \u00e8 capace di atterrare qui deve avere un gran manico, i piloti capiranno il perch\u00e9 guardando la foto. Tenete presente che, di solito, qui la visibilit\u00e0 \u00e8 di 50 m e tira pure vento; ma oggi il tempo \u00e8 discreto, a me sembra bellissimo.<\/p>\n<p><a href=\"http:\/\/5.196.224.66\/wp-content\/uploads\/2005\/06\/AnimaGuzzista-Racconti-Viaggio-a-Capo-Nord-9.jpg\"><img loading=\"lazy\" decoding=\"async\" class=\" td-modal-image aligncenter wp-image-992 size-thumbnail\" src=\"http:\/\/5.196.224.66\/wp-content\/uploads\/2005\/06\/AnimaGuzzista-Racconti-Viaggio-a-Capo-Nord-9-150x150.jpg\" alt=\"AnimaGuzzista Racconti Viaggio a Capo Nord 9\" width=\"150\" height=\"150\" srcset=\"http:\/\/www.animaguzzista.com\/wp-content\/uploads\/2005\/06\/AnimaGuzzista-Racconti-Viaggio-a-Capo-Nord-9-150x150.jpg 150w, http:\/\/www.animaguzzista.com\/wp-content\/uploads\/2005\/06\/AnimaGuzzista-Racconti-Viaggio-a-Capo-Nord-9-300x300.jpg 300w, http:\/\/www.animaguzzista.com\/wp-content\/uploads\/2005\/06\/AnimaGuzzista-Racconti-Viaggio-a-Capo-Nord-9-100x100.jpg 100w\" sizes=\"(max-width: 150px) 100vw, 150px\" \/><\/a>Faccio rifornimento e riparto per la destinazione finale, sono 40 km, ci sono quasi!<br \/>\nLa strada \u00e8 bella, purtroppo un gabbiamo decide di fare una virata troppo vicino alle mie forcelle e&#8230; ci si stampa contro. \u00c8 stupendo, bianco, con le ali grigie. Devo fermarmi per toglierlo ed adagiarlo sul ciglio della strada.<\/p>\n<p>Dicono che a Capo Nord il tempo sia sempre pessimo. Quattro anni fa, in camper, con mia moglie, Irma e Silvio avevamo trovato nebbia fitta per due giorni e chi ci \u00e8 stato pu\u00f2 confermare.<br \/>\nInvece, man mano che proseguivo, il tempo migliorava. In vista del Plateau faccio una foto, \u00e8 quel promontorio in fondo al fiordo, la meta \u00e8 in vista.<br \/>\nArrivo alle 7.30, le biglietterie sono chiuse, molti camper nel piazzale ma in giro due o tre persone.<br \/>\nFaccio qualche foto; riesco anche a trovare un Inglese che mi fa lo scatto di rito, vicino al monumento.<\/p>\n<div id='gallery-4' class='gallery galleryid-978 gallery-columns-3 gallery-size-thumbnail'><figure class='gallery-item'>\n\t\t\t<div class='gallery-icon landscape'>\n\t\t\t\t<a href='http:\/\/www.animaguzzista.com\/?attachment_id=995'><img loading=\"lazy\" decoding=\"async\" width=\"150\" height=\"150\" src=\"http:\/\/www.animaguzzista.com\/wp-content\/uploads\/2005\/06\/AnimaGuzzista-Racconti-Viaggio-a-Capo-Nord-010-150x150.jpg\" class=\"attachment-thumbnail size-thumbnail\" alt=\"\" srcset=\"http:\/\/www.animaguzzista.com\/wp-content\/uploads\/2005\/06\/AnimaGuzzista-Racconti-Viaggio-a-Capo-Nord-010-150x150.jpg 150w, http:\/\/www.animaguzzista.com\/wp-content\/uploads\/2005\/06\/AnimaGuzzista-Racconti-Viaggio-a-Capo-Nord-010-300x300.jpg 300w, http:\/\/www.animaguzzista.com\/wp-content\/uploads\/2005\/06\/AnimaGuzzista-Racconti-Viaggio-a-Capo-Nord-010-100x100.jpg 100w\" sizes=\"(max-width: 150px) 100vw, 150px\" \/><\/a>\n\t\t\t<\/div><\/figure><figure class='gallery-item'>\n\t\t\t<div class='gallery-icon landscape'>\n\t\t\t\t<a href='http:\/\/www.animaguzzista.com\/?attachment_id=994'><img loading=\"lazy\" decoding=\"async\" width=\"150\" height=\"150\" src=\"http:\/\/www.animaguzzista.com\/wp-content\/uploads\/2005\/06\/AnimaGuzzista-Racconti-Viaggio-a-Capo-Nord-011-150x150.jpg\" class=\"attachment-thumbnail size-thumbnail\" alt=\"\" srcset=\"http:\/\/www.animaguzzista.com\/wp-content\/uploads\/2005\/06\/AnimaGuzzista-Racconti-Viaggio-a-Capo-Nord-011-150x150.jpg 150w, http:\/\/www.animaguzzista.com\/wp-content\/uploads\/2005\/06\/AnimaGuzzista-Racconti-Viaggio-a-Capo-Nord-011-300x300.jpg 300w, http:\/\/www.animaguzzista.com\/wp-content\/uploads\/2005\/06\/AnimaGuzzista-Racconti-Viaggio-a-Capo-Nord-011-100x100.jpg 100w\" sizes=\"(max-width: 150px) 100vw, 150px\" \/><\/a>\n\t\t\t<\/div><\/figure><figure class='gallery-item'>\n\t\t\t<div class='gallery-icon landscape'>\n\t\t\t\t<a href='http:\/\/www.animaguzzista.com\/?attachment_id=993'><img loading=\"lazy\" decoding=\"async\" width=\"150\" height=\"150\" src=\"http:\/\/www.animaguzzista.com\/wp-content\/uploads\/2005\/06\/AnimaGuzzista-Racconti-Viaggio-a-Capo-Nord-012-150x150.jpg\" class=\"attachment-thumbnail size-thumbnail\" alt=\"\" srcset=\"http:\/\/www.animaguzzista.com\/wp-content\/uploads\/2005\/06\/AnimaGuzzista-Racconti-Viaggio-a-Capo-Nord-012-150x150.jpg 150w, http:\/\/www.animaguzzista.com\/wp-content\/uploads\/2005\/06\/AnimaGuzzista-Racconti-Viaggio-a-Capo-Nord-012-300x300.jpg 300w, http:\/\/www.animaguzzista.com\/wp-content\/uploads\/2005\/06\/AnimaGuzzista-Racconti-Viaggio-a-Capo-Nord-012-100x100.jpg 100w\" sizes=\"(max-width: 150px) 100vw, 150px\" \/><\/a>\n\t\t\t<\/div><\/figure>\n\t\t<\/div>\n\n<p>&nbsp;<\/p>\n<p>Vento gelido, mi riparo all\u2019interno del edificio (bruttino, non c\u2019\u00e8 che dire) e qui, la cerniera del mio giubbotto di pelle si incastra. Non c\u2019\u00e8 verso ci perdo quasi mezz\u2019ora ma non faccio che peggiorare la situazione; pazienza.<br \/>\nSono pronto a ripartire quando sento il rumore inconfondibile di moto. Una Harley e &#8211; udite udite! &#8211; una California II!!<\/p>\n<p>Ho parecchia strada da fare ed oggi \u00e8 Venerd\u00ec, sono le 8 di mattina, devo arrivare almeno fino a Tornio se voglio essere a casa per Domenica prima delle 10 di sera. Sono 3.800 km.<br \/>\nManetta spalancata. Praticamente tutta d\u2019un fiato fino a Kautokenio (Lapponia); pieno, caff\u00e8 e vediamo come va la gomma dietro\u2026 caz.. ! sono sulle tele, si vedono gi\u00e0 tre strisce di tessuto!<\/p>\n<p><a href=\"http:\/\/5.196.224.66\/wp-content\/uploads\/2015\/03\/AnimaGuzzista-Racconti-Viaggio-a-Capo-Nord-013.jpg\"><img loading=\"lazy\" decoding=\"async\" class=\" td-modal-image aligncenter wp-image-988 size-thumbnail\" src=\"http:\/\/5.196.224.66\/wp-content\/uploads\/2015\/03\/AnimaGuzzista-Racconti-Viaggio-a-Capo-Nord-013-150x150.jpg\" alt=\"AnimaGuzzista Racconti Viaggio a Capo Nord 013\" width=\"150\" height=\"150\" srcset=\"http:\/\/www.animaguzzista.com\/wp-content\/uploads\/2015\/03\/AnimaGuzzista-Racconti-Viaggio-a-Capo-Nord-013-150x150.jpg 150w, http:\/\/www.animaguzzista.com\/wp-content\/uploads\/2015\/03\/AnimaGuzzista-Racconti-Viaggio-a-Capo-Nord-013-300x300.jpg 300w, http:\/\/www.animaguzzista.com\/wp-content\/uploads\/2015\/03\/AnimaGuzzista-Racconti-Viaggio-a-Capo-Nord-013-100x100.jpg 100w\" sizes=\"(max-width: 150px) 100vw, 150px\" \/><\/a>Chiedo al service di fianco al distributore e mi dice che in \u201ccitt\u00e0\u201d c\u2019\u00e8 solo una moto e nemmeno immatricolata; deve fare arrivare la gomma da Alta, sempre che ce l\u2019abbiano.<br \/>\nDa Alta sono 300 km e non \u00e8 detto che abbiano la gomma. Decido di continuare a 70\/80 all\u2019ora.<br \/>\nTelefono all\u2019importatore Moto Guzzi di Turku che mi dice che posso proseguire fino alla \u201ccitt\u00e0\u201d successiva (100 km circa) cos\u00ec lui mi fa avere la gomma via posta espressa. Devo solo trovare il meccanico attrezzato per montarla. Il problema \u00e8 che, bene che vada, la gomma arriva Sabato, forse in tarda mattinata. In alternativa, proseguire fino a Rovaniemi, dove lui conosce un gommista attrezzato e con la gomma in magazzino &#8211; probabilmente; comunque sono 250 km a 80 all\u2019ora.<br \/>\nDecido di fermarmi a Pellio; arrivo in hotel alle 20.15. Non sono stanco; incazzato, quello s\u00ec. Potevo controllare prima, potevano darmi una gomma a mescola pi\u00f9 dura (gi\u00e0, ma poi sul bagnato, a 180 non sarei mica riuscito ad andare\u2026).<\/p>\n<p>Totale km 795 ore di guida 16,15<\/p>\n<p>Sabato 11 Giugno<\/p>\n<p>partenza ore 7.25 locali (1 in pi\u00f9 per noi)<br \/>\nArrivo a Rovaniemi. Il gommista \u00e8 ancora chiuso alle 8.30 ma sembra un posto serio<br \/>\nHanno la gomma che mi serve, stessa marca e modello: ma vieniiiii!!!<br \/>\nCambio gomma in un \u2018ora e riparto alle 10.00.<br \/>\nAllora: \u00e8 sabato, sono le 10.00 ed ho&#8230; 3.400 km da fare. In totale ho a disposizione 36 ore per arrivare a Milano; devo assolutamente tenere presente che, il luned\u00ec mattina ho l\u2019aereo per Dusseldorf che parte da Malpensa alle 7.30, riunione in giornata e ritorno a casa\u2026<\/p>\n<p>Kari (l\u2019importatore di Turku) mi consiglia di lasciare la moto a Rovaniemi, me l\u2019avrebbe spedita a casa lui ed io avrei preso l\u2019aereo.<br \/>\nNon mi andava. Non so perch\u00e9, ma proprio di lasciare la Scura, dopo che siamo stati insieme sei giorni con tutto quello che era successo, non mi andava.<\/p>\n<p>Decido di farla tutta d\u2019un botto. Bisogna considerare che, anche in Svezia, ci sono i controlli di polizia e qui non scherzano niente.<br \/>\nGi\u00e0 mi \u00e8 andata bene in Norvegia marted\u00ec: mi hanno fermato (andavo a 87 col limite a 60) e me la sono cavata con una ramanzina (sarebbero stati 1.000 euro, per la cronaca), non volevo perdere tempo per un\u2019altra ramanzina o peggio.<\/p>\n<p>Quindi il problema pi\u00f9 grosso era riuscire a tenere la velocit\u00e0 sui 170 senza farsi beccare. Ovvio che, nei centri bisogna rallentare, ma poi, i centri non sono cos\u00ec tanti da queste parti.<\/p>\n<p>Fino a Sundsvall tempo ok. Da l\u00ec in poi, acqua, tanta, tantissima.<br \/>\nArrivo a Stoccolma alle 10 di sera, mi faccio un \u201cbig mac\u201d (non c\u2019era proprio altro a quell\u2019ora) e mi preparo a passare la notte alla guida.<\/p>\n<p>Arrivo a Jonkoepping alla 1 di notte circa, smette di piovere, meno male, e invece no, comincia la nebbia. Accidenti qui siamo anche pi\u00f9 a sud ed \u00e8 quindi, normalmente, buio. La nebbia \u00e8 gelida, entra nelle ossa (col giubbotto senza cerniera poi\u2026) e non si vede una mazza; di sonno neanche l\u2019ombra, per ora.<\/p>\n<p>Si fanno le sei quando divento matto, dalle parti di Malmo, per trovare un distributore con la carta di credito automatica. Arrivo al pelo. Alle 4.51 di mattina passo finalmente il ponte sull\u2019Oresund. Il tempo \u00e8 finalmente bello anche se ventoso.<\/p>\n<p><a href=\"http:\/\/5.196.224.66\/wp-content\/uploads\/2015\/03\/AnimaGuzzista-Racconti-Viaggio-a-Capo-Nord-014.jpg\"><img loading=\"lazy\" decoding=\"async\" class=\" td-modal-image aligncenter wp-image-987 size-thumbnail\" src=\"http:\/\/www.animaguzzista.com\/wp-content\/uploads\/2015\/03\/AnimaGuzzista-Racconti-Viaggio-a-Capo-Nord-014-150x150.jpg\" alt=\"AnimaGuzzista Racconti Viaggio a Capo Nord 014\" width=\"150\" height=\"150\" srcset=\"http:\/\/www.animaguzzista.com\/wp-content\/uploads\/2015\/03\/AnimaGuzzista-Racconti-Viaggio-a-Capo-Nord-014-150x150.jpg 150w, http:\/\/www.animaguzzista.com\/wp-content\/uploads\/2015\/03\/AnimaGuzzista-Racconti-Viaggio-a-Capo-Nord-014-300x300.jpg 300w, http:\/\/www.animaguzzista.com\/wp-content\/uploads\/2015\/03\/AnimaGuzzista-Racconti-Viaggio-a-Capo-Nord-014-100x100.jpg 100w\" sizes=\"(max-width: 150px) 100vw, 150px\" \/><\/a>Via cos\u00ec fino alla Germania, sonno ok.<br \/>\nFino alle 11.00 non ho avuto problemi poi, un paio di colpi di sonno mi hanno obbligato ad una sosta che non fosse solo per il pieno.<br \/>\nUn paio di telefonate per informare la dolce mogliettina ed un panino. Incontro un motociclista tedesco. Quando gli dico da dove vengo mi guarda strano e non pare crederci molto. Francamente, non ci credo neanch\u2019io.<br \/>\nSono le 13.30 e sono a Kassel, in piena Germania. Traffico tanto, pioggia violenta a tratti e sono stanco, parecchio.<br \/>\nDopo la fermata a Kassel decido di smanettare un po\u2019. D\u2019altronde, se non lo fai in Germania\u2026<br \/>\nSoddisfazione maxima passare la polizia a pi\u00f9 di 200. Curvoni da paura, veramente divertente.<br \/>\nFino a Breganza, guidare \u00e8 un piacere.<br \/>\nA Breganza, in prossimit\u00e0 delle montagne, temporale stile diluvio universale. Dura poco ma \u00e8 violentissimo. Per fortuna mi premia con un incredibile arcobaleno tridimensionale che non mi ricordo di aver mai visto prima!<br \/>\nSul S. Bernardino freddo ma niente di speciale. Dopo il passo l\u2019ultimo rifornimento e poi, via fino a casa dove arrivo alle 21.30.<\/p>\n<p>Tutto qui, niente di pi\u00f9 e niente di meno.<\/p>\n<p>Esperienza grandiosa, posti favolosi, peccato per il tempo, peggio di cos\u00ec non poteva essere; moto grandiosa (chi mi tocca la V11 lo sego in quattro!), grande Kari, senza il suo aiuto, sarei ancora in Lapponia.<br \/>\nMia moglie, poi, \u00e8 stata semplicemente grande: sopportare un marito che, a 40 suonati, ha ancora la sindrome di Peter Pan, non deve essere facile, mentre per lei sembra sempre una gioia. Anche se mi \u00e8 mancata, \u00e8 meglio che non sia venuta: troppo freddo, troppa acqua, troppe ore in moto; troppo di tutto, se non ti piace guidare.<\/p>\n<p>Non voglio fare un libro e quindi mi fermo qui anche se di cose da raccontare ne avrei un vagone.<\/p>\n","protected":false},"excerpt":{"rendered":"<p>Di Davide Pizzocaro &nbsp; Io e la mia V11 Scura. Si una Moto Guzzi, di quelle d\u2019annata. Decisione presa ad inizio anno. A dir la verit\u00e0 dovevo andarci con Impe, che poi ha dovuto dare \u201cliscio\u201d. Dopo una breve discussione con mia moglie: semaforo verde. Preparazione minima, solo itinerario Michelin, d\u2019altronde, non mi serviva altro. [&hellip;]<\/p>\n","protected":false},"author":3,"featured_media":990,"comment_status":"closed","ping_status":"open","sticky":false,"template":"","format":"standard","meta":{"ngg_post_thumbnail":0,"footnotes":""},"categories":[6,42],"tags":[],"_links":{"self":[{"href":"http:\/\/www.animaguzzista.com\/index.php?rest_route=\/wp\/v2\/posts\/978"}],"collection":[{"href":"http:\/\/www.animaguzzista.com\/index.php?rest_route=\/wp\/v2\/posts"}],"about":[{"href":"http:\/\/www.animaguzzista.com\/index.php?rest_route=\/wp\/v2\/types\/post"}],"author":[{"embeddable":true,"href":"http:\/\/www.animaguzzista.com\/index.php?rest_route=\/wp\/v2\/users\/3"}],"replies":[{"embeddable":true,"href":"http:\/\/www.animaguzzista.com\/index.php?rest_route=%2Fwp%2Fv2%2Fcomments&post=978"}],"version-history":[{"count":4,"href":"http:\/\/www.animaguzzista.com\/index.php?rest_route=\/wp\/v2\/posts\/978\/revisions"}],"predecessor-version":[{"id":4058,"href":"http:\/\/www.animaguzzista.com\/index.php?rest_route=\/wp\/v2\/posts\/978\/revisions\/4058"}],"wp:featuredmedia":[{"embeddable":true,"href":"http:\/\/www.animaguzzista.com\/index.php?rest_route=\/wp\/v2\/media\/990"}],"wp:attachment":[{"href":"http:\/\/www.animaguzzista.com\/index.php?rest_route=%2Fwp%2Fv2%2Fmedia&parent=978"}],"wp:term":[{"taxonomy":"category","embeddable":true,"href":"http:\/\/www.animaguzzista.com\/index.php?rest_route=%2Fwp%2Fv2%2Fcategories&post=978"},{"taxonomy":"post_tag","embeddable":true,"href":"http:\/\/www.animaguzzista.com\/index.php?rest_route=%2Fwp%2Fv2%2Ftags&post=978"}],"curies":[{"name":"wp","href":"https:\/\/api.w.org\/{rel}","templated":true}]}}