{"id":1393,"date":"2015-04-01T17:21:14","date_gmt":"2015-04-01T17:21:14","guid":{"rendered":"http:\/\/5.196.224.66\/?p=1393"},"modified":"2015-12-03T11:43:47","modified_gmt":"2015-12-03T11:43:47","slug":"aquile-sibilline-16-incontro-di-primavera","status":"publish","type":"post","link":"https:\/\/www.animaguzzista.com\/?p=1393","title":{"rendered":"Aquile Sibilline &#8211; 16\u00b0 Incontro di Primavera"},"content":{"rendered":"<div class=\"wpb-content-wrapper\"><div id=\"tdi_1\" class=\"tdc-row\"><div class=\"vc_row tdi_2  wpb_row td-pb-row\" >\n<style scoped>\n\/* custom css - generated by TagDiv Composer *\/\n\n\/* custom css - generated by TagDiv Composer *\/\n\/* custom css - generated by TagDiv Composer *\/\n.tdi_2,\r\n                .tdi_2 .tdc-columns{\r\n                    min-height: 0;\r\n                }\n<\/style><div class=\"vc_column tdi_4  wpb_column vc_column_container tdc-column td-pb-span12\">\n<style scoped>\n\/* custom css - generated by TagDiv Composer *\/\n\n\/* custom css - generated by TagDiv Composer *\/\n\/* custom css - generated by TagDiv Composer *\/\n.tdi_4{\r\n                    vertical-align: baseline;\r\n                }\n<\/style><div class=\"wpb_wrapper\" >[vc_images_carousel images=&#8221;1397,2196,2197,2198,2199,2200&#8243; onclick=&#8221;link_no&#8221; custom_links_target=&#8221;_self&#8221; mode=&#8221;horizontal&#8221; speed=&#8221;5000&#8243; slides_per_view=&#8221;1&#8243; autoplay=&#8221;yes&#8221; hide_pagination_control=&#8221;yes&#8221; hide_prev_next_buttons=&#8221;&#8221; partial_view=&#8221;&#8221; wrap=&#8221;yes&#8221; img_size=&#8221;full&#8221;]<\/div><\/div><\/div><\/div><div id=\"tdi_5\" class=\"tdc-row\"><div class=\"vc_row tdi_6  wpb_row td-pb-row\" >\n<style scoped>\n\/* custom css - generated by TagDiv Composer *\/\n\n\/* custom css - generated by TagDiv Composer *\/\n\/* custom css - generated by TagDiv Composer *\/\n.tdi_6,\r\n                .tdi_6 .tdc-columns{\r\n                    min-height: 0;\r\n                }\n<\/style><div class=\"vc_column tdi_8  wpb_column vc_column_container tdc-column td-pb-span8\">\n<style scoped>\n\/* custom css - generated by TagDiv Composer *\/\n\n\/* custom css - generated by TagDiv Composer *\/\n\/* custom css - generated by TagDiv Composer *\/\n.tdi_8{\r\n                    vertical-align: baseline;\r\n                }\n<\/style><div class=\"wpb_wrapper\" >[vc_column_text]Ah, l&#8217;Umbria, cuore verde d&#8217;Italia! Ah, Assisi: citt\u00e0 d&#8217;arte, storia e cultura come poche altre al mondo!&#8230; Basta solo nominarle ed ecco che con la mente iniziamo a viaggiare tra Giotto, San Francesco, Piero della Francesca, festival di teatro o jazz e chi pi\u00f9 ne ha, pi\u00f9 ne metta! Questo, ovviamente, a meno che non siate Guzzisti.<br \/>\nPerch\u00e9 il Guzzista a sentir parlare di Umbria, magari a fine Maggio, non pensa a queste cose ma piuttosto entra in estasi e si esprime in codici e sigle misteriose: Umbria? Umbria come Millecurve? Intendi dire Umbria come: SS77, SS444, Millecurve? Colfiorito? Valnerina, Castelluccio? Apecchiese, Bocca Serriola?&#8230; Nomi e sigle poco conosciute ai pi\u00f9 ma comprensibilissime per\u00f2 per chiunque abbia attraversato in moto una delle pi\u00f9 goduriose regioni di Italia. L&#8217;Umbria offre infatti strade motociclistiche emozionanti, panorami e scenari mozzafiato e una cucina genuina a prova di Guzzista!<\/p>\n<blockquote><p>E\u2019 quindi con l&#8217;acquolina in bocca che vi annunciamo che dopo aver toccato Lazio, Marche e Toscana, quest&#8217;anno l&#8217;Incontro di Primavera di Anima Guzzista tocca proprio all&#8217;Umbria, e sar\u00e0 dal 31 maggio al 1 Giugno 2015!<\/p><\/blockquote>\n<p>Faremo base ad <strong>Assisi<\/strong>, e il programma della due giorni prevede, tra una piega e l&#8217;altra una visita alla storica Concessionaria Moretti di Macerata, Tempio della Moto Guzzi e pi\u00f9 antica concessionaria tuttora in attivit\u00e0, durante la quale consegneremo il Libro delle Firme, che raccoglie tutte le <a href=\"https:\/\/www.change.org\/p\/piaggio-spa-per-la-salvaguardia-del-patrimonio-storico-imprenditoriale-del-nostro-paese-il-caso-primo-moretti-petizione-per-l-istituzione-della-figura-di-concessionario-onorario-moto-guzzi-english-v-below?recruiter=38741727&amp;utm_campaign=mailto_link&amp;utm_medium=email&amp;utm_source=share_petition\" target=\"_blank\">firme della petizione che lanciammo lo scorso anno<\/a>; una visita nello studio dell&#8217;artista pi\u00f9 amato da Guzzisti, il nostro grandissimo Ettore Gambioli autore tra l&#8217;altro del nostro monumento a Carlo Guzzi, e tantissimo altro ancora. I giri in moto, come sempre, saranno su misura nel senso che gli amanti dei panorami, i cacciatori di selfie e i piallatori di pedane avranno ciascuno la possibilit\u00e0 di esprimersi e godersi i trasferimenti a loro piacimento. Le soste sono state studiate in luoghi dove poter assaporare a pieno l&#8217;autenticit\u00e0 della vera cucina umbra e la sera del sabato, a grande richiesta, la <a href=\"https:\/\/www.youtube.com\/watch?v=vjf5aze0tvg\" target=\"_blank\"><strong>Guzzisti Liberi Blues Band<\/strong><\/a> continuer\u00e0 il Reunion Tour iniziato l&#8217;anno scorso a Norma!<\/p>\n<p><strong>Alloggio<\/strong><\/p>\n<p>Alloggeremo presso il <a href=\"http:\/\/www.fontemaggio.it\/\" target=\"_blank\">camping hotel Fontemaggio<\/a> dove saremo accomodati nelle loro camere, oppure per chi preferir\u00e0 ci sar\u00e0 la formula campeggio.[\/vc_column_text]<div class=\"wpb_wrapper td_block_separator td_block_wrap vc_separator tdi_10  td_separator_solid td_separator_align_center\"><span style=\"border-color:grey;border-width:1px;width:100%;\"><\/span>\n<style scoped>\n\/* custom css - generated by TagDiv Composer *\/\n\n\/* custom css - generated by TagDiv Composer *\/\n\/* custom css - generated by TagDiv Composer *\/\n.td_block_separator{\r\n                  width: 100%;\r\n                  align-items: center;\r\n                  margin-bottom: 38px;\r\n                  padding-bottom: 10px;\r\n                }.td_block_separator span{\r\n                  position: relative;\r\n                  display: block;\r\n                  margin: 0 auto;\r\n                  width: 100%;\r\n                  height: 1px;\r\n                  border-top: 1px solid #EBEBEB;\r\n                }.td_separator_align_left span{\r\n                  margin-left: 0;\r\n                }.td_separator_align_right span{\r\n                  margin-right: 0;\r\n                }.td_separator_dashed span{\r\n                  border-top-style: dashed;\r\n                }.td_separator_dotted span{\r\n                  border-top-style: dotted;\r\n                }.td_separator_double span{\r\n                  height: 3px;\r\n                  border-bottom: 1px solid #EBEBEB;\r\n                }.td_separator_shadow > span{\r\n                  position: relative;\r\n                  height: 20px;\r\n                  overflow: hidden;\r\n                  border: 0;\r\n                  color: #EBEBEB;\r\n                }.td_separator_shadow > span > span{\r\n                  position: absolute;\r\n                  top: -30px;\r\n                  left: 0;\r\n                  right: 0;\r\n                  margin: 0 auto;\r\n                  height: 13px;\r\n                  width: 98%;\r\n                  border-radius: 100%;\r\n                }html :where([style*='border-width']){\r\n                    border-style: none;\r\n                }\n<\/style><\/div>[vc_column_text]<\/p>\n<h2>Programma<\/h2>\n<p><strong>Domenica 31 maggio<\/strong><\/p>\n<p>Alle 9,30 incontro a Macerata presso il concessionario Primo Moretti e consegna del Libro delle Firme<\/p>\n<p>partenza massimo 11:00<\/p>\n<p>Sosta Pranzo a Montefortino (FM) ore 13:30 c\/o <a href=\"http:\/\/www.agriturismosantaluciadeisibillini.it%20\" target=\"_blank\">Agriturismo Santa Lucia dei Sibillini <\/a><br \/>\nPranzo veloce con Lasagna, maiale arrosto e contorno, dolcetti secchi, acqua, vino e caff\u00e8.<\/p>\n<p>Sera, arrivo ad Assisi c\/o <a href=\"http:\/\/www.fontemaggio.it\" target=\"_blank\">Camping hotel Fontemaggio<\/a>,<br \/>\nCena h 20:30, menu in corso di definizione.<\/p>\n<p><a href=\"https:\/\/goo.gl\/maps\/jwN5Y\" target=\"_blank\"><strong>Itinerario completo<\/strong><\/a><\/p>\n<p><strong>Luned\u00ec 1 Giugno<\/strong><\/p>\n<p>Partenza ore 9:30 in direzione di Cagli, dove saremo accolti presso la dimora del grandissimo artista Ettore Gambioli, dove attorno alle 12 ci sar\u00e0 aperitivo ed esposizione delle opere del maestro.<\/p>\n<p>Pranzo ore 13:30 a Cagli (PU) presso l&#8217;Agriturismo La Colticciola<\/p>\n<p>Cena h 21:00, menu in corso di definizione.<br \/>\nA seguire Concertone della GuzzistiLiberi Blues Band e open bar!!<\/p>\n<p><a href=\"https:\/\/goo.gl\/maps\/kuLMp\" target=\"_blank\"><strong>Itinerario completo<\/strong><\/a><\/p>\n<p>Marted\u00ec 2 Giugno<br \/>\nColazione, saluti e baci!<\/p>\n<p>&nbsp;<\/p>\n<p>[\/vc_column_text]<\/div><\/div><div class=\"vc_column tdi_12  wpb_column vc_column_container tdc-column td-pb-span4\">\n<style scoped>\n\/* custom css - generated by TagDiv Composer *\/\n\n\/* custom css - generated by TagDiv Composer *\/\n\/* custom css - generated by TagDiv Composer *\/\n.tdi_12{\r\n                    vertical-align: baseline;\r\n                }\n<\/style><div class=\"wpb_wrapper\" ><div class=\"td-a-rec td-a-rec-id-sidebar  tdi_13 td_block_template_1\">\n<style>\n\/* custom css - generated by TagDiv Composer *\/\n\/* custom css - generated by TagDiv Composer *\/\n\n<\/style><div class=\"td-visible-desktop\">\r\n                <a href=\"http:\/\/www.cpracing.it\/\" target=\"_blank\" >\r\n                        <img decoding=\"async\" border=\"0\" alt=\"\" src=\"http:\/\/www.animaguzzista.com\/wp-content\/uploads\/2017\/02\/Adv_CpRacing.jpg\"\/>\r\n                <\/a>\r\n<\/div><\/div>[vc_wp_search]<\/div><\/div><\/div><\/div><div id=\"tdi_14\" class=\"tdc-row\"><div class=\"vc_row tdi_15  wpb_row td-pb-row\" >\n<style scoped>\n\/* custom css - generated by TagDiv Composer *\/\n\n\/* custom css - generated by TagDiv Composer *\/\n\/* custom css - generated by TagDiv Composer *\/\n.tdi_15,\r\n                .tdi_15 .tdc-columns{\r\n                    min-height: 0;\r\n                }\n<\/style><div class=\"vc_column tdi_17  wpb_column vc_column_container tdc-column td-pb-span12\">\n<style scoped>\n\/* custom css - generated by TagDiv Composer *\/\n\n\/* custom css - generated by TagDiv Composer *\/\n\/* custom css - generated by TagDiv Composer *\/\n.tdi_17{\r\n                    vertical-align: baseline;\r\n                }\n<\/style><div class=\"wpb_wrapper\" ><div class=\"wpb_wrapper td_block_separator td_block_wrap vc_separator tdi_19  td_separator_solid td_separator_align_center\"><span style=\"border-color:grey;border-width:1px;width:100%;\"><\/span><\/div>[vc_column_text css_animation=&#8221;top-to-bottom&#8221;]<\/p>\n<h2>Quote di partecipazione<\/h2>\n<p>[\/vc_column_text]<\/div><\/div><\/div><\/div><div id=\"tdi_20\" class=\"tdc-row\"><div class=\"vc_row tdi_21  wpb_row td-pb-row\" >\n<style scoped>\n\/* custom css - generated by TagDiv Composer *\/\n\n\/* custom css - generated by TagDiv Composer *\/\n\/* custom css - generated by TagDiv Composer *\/\n.tdi_21,\r\n                .tdi_21 .tdc-columns{\r\n                    min-height: 0;\r\n                }\n<\/style><div class=\"vc_column vc_custom_1428052578119 tdi_23  wpb_column vc_column_container tdc-column td-pb-span6\">\n<style scoped>\n\/* custom css - generated by TagDiv Composer *\/\n\n\/* tdc_composer_block - inline css att *\/\n.vc_custom_1428052578119{margin-right: 4px !important;margin-left: 4px !important;border-top-width: 1px !important;border-right-width: 1px !important;border-bottom-width: 1px !important;border-left-width: 1px !important;padding-top: 2px !important;padding-right: 4px !important;padding-bottom: 2px !important;padding-left: 4px !important;border-left-color: #dd3333 !important;border-left-style: solid !important;border-right-color: #dd3333 !important;border-right-style: solid !important;border-top-color: #dd3333 !important;border-top-style: solid !important;border-bottom-color: #dd3333 !important;border-bottom-style: solid !important;}\n\/* custom css - generated by TagDiv Composer *\/\n\/* custom css - generated by TagDiv Composer *\/\n.tdi_23{\r\n                    vertical-align: baseline;\r\n                }\n<\/style><div class=\"wpb_wrapper\" >[vc_column_text css_animation=&#8221;top-to-bottom&#8221;]<\/p>\n<h2><del>&#8211; Pernotto in hotel<\/del><\/h2>\n<p><del>Quota soci di Anima Guzzista: <strong>135 euro<\/strong><\/del><\/p>\n<p><del>Quota non soci: <strong>146 euro<\/strong><\/del><\/p>\n<p><span style=\"color: #ff0000;\">Le iscrizioni sono chiuse<\/span>[\/vc_column_text]<\/div><\/div><div class=\"vc_column vc_custom_1428339238762 tdi_25 boxallineati wpb_column vc_column_container tdc-column td-pb-span6\">\n<style scoped>\n\/* custom css - generated by TagDiv Composer *\/\n\n\/* tdc_composer_block - inline css att *\/\n.vc_custom_1428339238762{margin-right: 4px !important;margin-left: 4px !important;border-top-width: 1px !important;border-right-width: 1px !important;border-bottom-width: 1px !important;border-left-width: 1px !important;padding-right: 2px !important;padding-left: 2px !important;border-left-color: #dd3333 !important;border-left-style: solid !important;border-right-color: #dd3333 !important;border-right-style: solid !important;border-top-color: #dd3333 !important;border-top-style: solid !important;border-bottom-color: #dd3333 !important;border-bottom-style: solid !important;}\n\/* custom css - generated by TagDiv Composer *\/\n\/* custom css - generated by TagDiv Composer *\/\n.tdi_25{\r\n                    vertical-align: baseline;\r\n                }\n<\/style><div class=\"wpb_wrapper\" >[vc_column_text css_animation=&#8221;top-to-bottom&#8221;]<\/p>\n<h3>&#8211; Pernotto in campeggio<\/h3>\n<p>Quota soci di Anima Guzzista: <strong>110 euro<\/strong><\/p>\n<p>Quota non soci: <strong>121 euro<\/strong>[\/vc_column_text]<\/div><\/div><\/div><\/div><div id=\"tdi_26\" class=\"tdc-row\"><div class=\"vc_row tdi_27  wpb_row td-pb-row\" >\n<style scoped>\n\/* custom css - generated by TagDiv Composer *\/\n\n\/* custom css - generated by TagDiv Composer *\/\n\/* custom css - generated by TagDiv Composer *\/\n.tdi_27,\r\n                .tdi_27 .tdc-columns{\r\n                    min-height: 0;\r\n                }\n<\/style><div class=\"vc_column tdi_29  wpb_column vc_column_container tdc-column td-pb-span12\">\n<style scoped>\n\/* custom css - generated by TagDiv Composer *\/\n\n\/* custom css - generated by TagDiv Composer *\/\n\/* custom css - generated by TagDiv Composer *\/\n.tdi_29{\r\n                    vertical-align: baseline;\r\n                }\n<\/style><div class=\"wpb_wrapper\" ><div class=\"wpb_wrapper td_block_separator td_block_wrap vc_separator tdi_31  td_separator_solid td_separator_align_center\"><span style=\"border-color:grey;border-width:1px;width:100%;\"><\/span><\/div><\/div><\/div><\/div><\/div><div id=\"tdi_32\" class=\"tdc-row\"><div class=\"vc_row tdi_33  wpb_row td-pb-row\" >\n<style scoped>\n\/* custom css - generated by TagDiv Composer *\/\n\n\/* custom css - generated by TagDiv Composer *\/\n\/* custom css - generated by TagDiv Composer *\/\n.tdi_33,\r\n                .tdi_33 .tdc-columns{\r\n                    min-height: 0;\r\n                }\n<\/style><div class=\"vc_column tdi_35  wpb_column vc_column_container tdc-column td-pb-span12\">\n<style scoped>\n\/* custom css - generated by TagDiv Composer *\/\n\n\/* custom css - generated by TagDiv Composer *\/\n\/* custom css - generated by TagDiv Composer *\/\n.tdi_35{\r\n                    vertical-align: baseline;\r\n                }\n<\/style><div class=\"wpb_wrapper\" >[vc_column_text css_animation=&#8221;top-to-bottom&#8221;]<\/p>\n<h2>Iscrizione<\/h2>\n<h3><span style=\"color: #ff0000;\">LE ISCRIZIONI SONO CHIUSE, FOTTETEV&#8230; EHM SIAMO SPIACENTI!<\/span><\/h3>\n<p>[\/vc_column_text]<\/div><\/div><\/div><\/div><div id=\"tdi_36\" class=\"tdc-row\"><div class=\"vc_row tdi_37  wpb_row td-pb-row\" >\n<style scoped>\n\/* custom css - generated by TagDiv Composer *\/\n\n\/* custom css - generated by TagDiv Composer *\/\n\/* custom css - generated by TagDiv Composer *\/\n.tdi_37,\r\n                .tdi_37 .tdc-columns{\r\n                    min-height: 0;\r\n                }\n<\/style><div class=\"vc_column vc_custom_1427921141467 tdi_39  wpb_column vc_column_container tdc-column td-pb-span4\">\n<style scoped>\n\/* custom css - generated by TagDiv Composer *\/\n\n\/* tdc_composer_block - inline css att *\/\n.vc_custom_1427921141467{border-width: 1px !important;}\n\/* custom css - generated by TagDiv Composer *\/\n\/* custom css - generated by TagDiv Composer *\/\n.tdi_39{\r\n                    vertical-align: baseline;\r\n                }\n<\/style><div class=\"wpb_wrapper\" >[vc_column_text css=&#8221;.vc_custom_1432723234685{background-position: center !important;background-repeat: no-repeat !important;background-size: cover !important;}&#8221;]<\/p>\n<h4><strong>1 &#8211;\u00a0 se eravate meno cagadubbi, potevate effettuate il pagamento<\/strong><\/h4>\n<p>con bonifico sul conto bancario UBI IBAN IT76 G 05428 3392 000 000 000 5993 intestato ad Anima Guzzista, con la causale &#8220;Incontro di Primavera 2015&#8243;[\/vc_column_text]<\/div><\/div><div class=\"vc_column vc_custom_1427921161712 tdi_41  wpb_column vc_column_container tdc-column td-pb-span4\">\n<style scoped>\n\/* custom css - generated by TagDiv Composer *\/\n\n\/* tdc_composer_block - inline css att *\/\n.vc_custom_1427921161712{border-width: 1px !important;}\n\/* custom css - generated by TagDiv Composer *\/\n\/* custom css - generated by TagDiv Composer *\/\n.tdi_41{\r\n                    vertical-align: baseline;\r\n                }\n<\/style><div class=\"wpb_wrapper\" >[vc_column_text css_animation=&#8221;top-to-bottom&#8221;]<\/p>\n<h4><strong>2 &#8211; se vi sbrigavate, avreste potuto compilare il modulo di iscrizione online,<br \/>\n<\/strong><\/h4>\n<p>invece vi resta il famoso atollo.[\/vc_column_text]<\/div><\/div><div class=\"vc_column vc_custom_1427921187956 tdi_43  wpb_column vc_column_container tdc-column td-pb-span4\">\n<style scoped>\n\/* custom css - generated by TagDiv Composer *\/\n\n\/* tdc_composer_block - inline css att *\/\n.vc_custom_1427921187956{border-width: 1px !important;}\n\/* custom css - generated by TagDiv Composer *\/\n\/* custom css - generated by TagDiv Composer *\/\n.tdi_43{\r\n                    vertical-align: baseline;\r\n                }\n<\/style><div class=\"wpb_wrapper\" >[vc_column_text css_animation=&#8221;top-to-bottom&#8221;]<\/p>\n<h4><strong>3 &#8211;<a href=\"http:\/\/5.196.224.66\/wp-content\/uploads\/2015\/04\/scarico-2015.pdf\"> scaricate il modulo di scarico di responsabilit\u00e0<\/a><\/strong><\/h4>\n<h3>(questo link lo lasciamo, we know our chicken)<\/h3>\n<p>da consegnare obbligatoriamente il primo giorno di raduno, debitamente compilato.[\/vc_column_text][vc_message message_box_style=&#8221;standard&#8221; style=&#8221;rounded&#8221; message_box_color=&#8221;info&#8221; icon_type=&#8221;fontawesome&#8221; icon_fontawesome=&#8221;fa fa-bullhorn&#8221; css_animation=&#8221;appear&#8221; icon_openiconic=&#8221;vc-oi vc-oi-dial&#8221; icon_typicons=&#8221;typcn typcn-adjust-brightness&#8221; icon_entypo=&#8221;entypo-icon entypo-icon-note&#8221; icon_linecons=&#8221;vc_li vc_li-heart&#8221; icon_pixelicons=&#8221;vc_pixel_icon vc_pixel_icon-alert&#8221;]ATTENZIONE: no scarico responsabilit\u00e0, no party![\/vc_message]<\/div><\/div><\/div><\/div><div id=\"tdi_44\" class=\"tdc-row\"><div class=\"vc_row tdi_45  wpb_row td-pb-row\" >\n<style scoped>\n\/* custom css - generated by TagDiv Composer *\/\n\n\/* custom css - generated by TagDiv Composer *\/\n\/* custom css - generated by TagDiv Composer *\/\n.tdi_45,\r\n                .tdi_45 .tdc-columns{\r\n                    min-height: 0;\r\n                }\n<\/style><div class=\"vc_column tdi_47  wpb_column vc_column_container tdc-column td-pb-span12\">\n<style scoped>\n\/* custom css - generated by TagDiv Composer *\/\n\n\/* custom css - generated by TagDiv Composer *\/\n\/* custom css - generated by TagDiv Composer *\/\n.tdi_47{\r\n                    vertical-align: baseline;\r\n                }\n<\/style><div class=\"wpb_wrapper\" >[vc_message color=&#8221;warning&#8221; message_box_style=&#8221;standard&#8221; style=&#8221;rounded&#8221; message_box_color=&#8221;warning&#8221; icon_type=&#8221;fontawesome&#8221; icon_fontawesome=&#8221;fa fa-exclamation-triangle&#8221; css_animation=&#8221;appear&#8221; icon_openiconic=&#8221;vc-oi vc-oi-dial&#8221; icon_typicons=&#8221;typcn typcn-adjust-brightness&#8221; icon_entypo=&#8221;entypo-icon entypo-icon-note&#8221; icon_linecons=&#8221;vc_li vc_li-heart&#8221; icon_pixelicons=&#8221;vc_pixel_icon vc_pixel_icon-alert&#8221;]<strong>Attenzione: le iscrizioni si chiudono improrogabilmente entro il 20 maggio<\/strong><\/p>\n<p><strong>Affrettatevi perch\u00e8 i posti sono limitati!<\/strong>[\/vc_message][vc_column_text]Cover image \u00a9 <a href=\"http:\/\/www.stockvault.net\/\" target=\"_blank\">stockvault.net<\/a>[\/vc_column_text]<\/div><\/div><\/div><\/div>\n<\/div>","protected":false},"excerpt":{"rendered":"[vc_images_carousel images=\"1397,2196,2197,2198,2199,2200\" onclick=\"link_no\" custom_links_target=\"_self\" mode=\"horizontal\" speed=\"5000\" slides_per_view=\"1\" autoplay=\"yes\" hide_pagination_control=\"yes\" hide_prev_next_buttons=\"\" partial_view=\"\" wrap=\"yes\" img_size=\"full\"] [vc_column_text]Ah, l'Umbria, cuore verde d'Italia! Ah, Assisi: citt\u00e0 d'arte, storia e cultura come poche altre al mondo!... Basta solo nominarle ed ecco che con la mente iniziamo a viaggiare tra Giotto, San Francesco, Piero della Francesca, festival di teatro o jazz e [...]","protected":false},"author":1,"featured_media":1451,"comment_status":"open","ping_status":"open","sticky":false,"template":"","format":"standard","meta":{"ngg_post_thumbnail":0,"footnotes":""},"categories":[41,6],"tags":[],"_links":{"self":[{"href":"https:\/\/www.animaguzzista.com\/index.php?rest_route=\/wp\/v2\/posts\/1393"}],"collection":[{"href":"https:\/\/www.animaguzzista.com\/index.php?rest_route=\/wp\/v2\/posts"}],"about":[{"href":"https:\/\/www.animaguzzista.com\/index.php?rest_route=\/wp\/v2\/types\/post"}],"author":[{"embeddable":true,"href":"https:\/\/www.animaguzzista.com\/index.php?rest_route=\/wp\/v2\/users\/1"}],"replies":[{"embeddable":true,"href":"https:\/\/www.animaguzzista.com\/index.php?rest_route=%2Fwp%2Fv2%2Fcomments&post=1393"}],"version-history":[{"count":40,"href":"https:\/\/www.animaguzzista.com\/index.php?rest_route=\/wp\/v2\/posts\/1393\/revisions"}],"predecessor-version":[{"id":5137,"href":"https:\/\/www.animaguzzista.com\/index.php?rest_route=\/wp\/v2\/posts\/1393\/revisions\/5137"}],"wp:featuredmedia":[{"embeddable":true,"href":"https:\/\/www.animaguzzista.com\/index.php?rest_route=\/wp\/v2\/media\/1451"}],"wp:attachment":[{"href":"https:\/\/www.animaguzzista.com\/index.php?rest_route=%2Fwp%2Fv2%2Fmedia&parent=1393"}],"wp:term":[{"taxonomy":"category","embeddable":true,"href":"https:\/\/www.animaguzzista.com\/index.php?rest_route=%2Fwp%2Fv2%2Fcategories&post=1393"},{"taxonomy":"post_tag","embeddable":true,"href":"https:\/\/www.animaguzzista.com\/index.php?rest_route=%2Fwp%2Fv2%2Ftags&post=1393"}],"curies":[{"name":"wp","href":"https:\/\/api.w.org\/{rel}","templated":true}]}}