{"id":1541,"date":"2013-10-16T20:06:42","date_gmt":"2013-10-16T20:06:42","guid":{"rendered":"http:\/\/5.196.224.66\/?p=1541"},"modified":"2015-04-23T18:43:39","modified_gmt":"2015-04-23T18:43:39","slug":"100-anni-in-due-a-capo-nord","status":"publish","type":"post","link":"https:\/\/www.animaguzzista.com\/?p=1541","title":{"rendered":"100 anni in due, a capo nord"},"content":{"rendered":"<p>di Mirco Spinelli<\/p>\n<p>&nbsp;<\/p>\n<p>Ho da anni una guzzi california 850, alla fine di giugno mi sono detto \u201c la moto compie 40 anni io ne ho quasi 60, 100 anni in due\u201d facciamoci un regalo e una scommessa ,andiamo e torniamo a capo nord senza nessuna organizzazione e in solitaria.<br \/>\nDetto fatto porto la moto da Ettore Pierone di Bovolenta (PD) che da diverso tempo la taglianda e lo fa con professionalit\u00e0 e passione,gli dico, cambio gomme tagliando completo revisione contachilometri che venerd\u00ec voglio partire x capo nord .mi raccomando fai un buon lavoro, dimenticavo era sabato mattina 29 giugno io partivo il 5 di luglio.<br \/>\nFugaci sbirciatine su internet x calcolo km itinerari strade e varie notizie che possono sempre servire,mercoled\u00ec in tempi record tralasciando altri lavori la moto \u00e8 pronta e si ritira , gioved\u00ec si lavora normalmente acquisto cartina della Scandinavia ,\u00e8 vietato GPS e modernit\u00e0 varie.<br \/>\nMi preparo in completo silenzio le borse con pochi cambi di vestiti x lo pi\u00f9 invernali tuta anti pioggia completo moto tenda sacco a pelo fornelletto caff\u00e8 alcune cibarie in scatola frutta fresca e secca cioccolata nutella.<br \/>\nNotte fonda sistemo le borse della Givi e la tenda sul portapacchi del California si sistema la borsa sul serbatoio con sigari cartine stradali penne blocco x annotare e controllare consumi km fatti costo benzina.<br \/>\nDue ore di sonno alle sei silenzio totale tutti dormono vestizione sistemata al casco si parte, il tempo a disposizione \u00e8 di 10 giorni da venerd\u00ec 5\\7 a domenica 14\\7 calcolando che all&#8217;incirca tra andata e ritorno sono 9000 km dovrei tenere una media di 900 km al giorno, non voglio fare il turista non voglio fermarmi in ogni citt\u00e0 ,non voglio vedere tutti i fiordi, voglio mettermi alla prova stare da solo e pensare.<\/p>\n<div id='gallery-1' class='gallery galleryid-1541 gallery-columns-4 gallery-size-thumbnail'><figure class='gallery-item'>\n\t\t\t<div class='gallery-icon landscape'>\n\t\t\t\t<a href='https:\/\/www.animaguzzista.com\/?attachment_id=1542'><img loading=\"lazy\" decoding=\"async\" width=\"150\" height=\"150\" src=\"https:\/\/www.animaguzzista.com\/wp-content\/uploads\/2015\/04\/100-anni-in-due-a-capo-nord-1-150x150.jpg\" class=\"attachment-thumbnail size-thumbnail\" alt=\"100 anni in due, a capo nord\" srcset=\"https:\/\/www.animaguzzista.com\/wp-content\/uploads\/2015\/04\/100-anni-in-due-a-capo-nord-1-150x150.jpg 150w, https:\/\/www.animaguzzista.com\/wp-content\/uploads\/2015\/04\/100-anni-in-due-a-capo-nord-1-300x300.jpg 300w, https:\/\/www.animaguzzista.com\/wp-content\/uploads\/2015\/04\/100-anni-in-due-a-capo-nord-1-100x100.jpg 100w\" sizes=\"(max-width: 150px) 100vw, 150px\" \/><\/a>\n\t\t\t<\/div><\/figure><figure class='gallery-item'>\n\t\t\t<div class='gallery-icon landscape'>\n\t\t\t\t<a href='https:\/\/www.animaguzzista.com\/?attachment_id=1543'><img loading=\"lazy\" decoding=\"async\" width=\"150\" height=\"150\" src=\"https:\/\/www.animaguzzista.com\/wp-content\/uploads\/2015\/04\/100-anni-in-due-a-capo-nord-3-150x150.jpg\" class=\"attachment-thumbnail size-thumbnail\" alt=\"\" srcset=\"https:\/\/www.animaguzzista.com\/wp-content\/uploads\/2015\/04\/100-anni-in-due-a-capo-nord-3-150x150.jpg 150w, https:\/\/www.animaguzzista.com\/wp-content\/uploads\/2015\/04\/100-anni-in-due-a-capo-nord-3-300x300.jpg 300w, https:\/\/www.animaguzzista.com\/wp-content\/uploads\/2015\/04\/100-anni-in-due-a-capo-nord-3-100x100.jpg 100w\" sizes=\"(max-width: 150px) 100vw, 150px\" \/><\/a>\n\t\t\t<\/div><\/figure><figure class='gallery-item'>\n\t\t\t<div class='gallery-icon landscape'>\n\t\t\t\t<a href='https:\/\/www.animaguzzista.com\/?attachment_id=1544'><img loading=\"lazy\" decoding=\"async\" width=\"150\" height=\"150\" src=\"https:\/\/www.animaguzzista.com\/wp-content\/uploads\/2015\/04\/100-anni-in-due-a-capo-nord-2-150x150.jpg\" class=\"attachment-thumbnail size-thumbnail\" alt=\"\" srcset=\"https:\/\/www.animaguzzista.com\/wp-content\/uploads\/2015\/04\/100-anni-in-due-a-capo-nord-2-150x150.jpg 150w, https:\/\/www.animaguzzista.com\/wp-content\/uploads\/2015\/04\/100-anni-in-due-a-capo-nord-2-300x300.jpg 300w, https:\/\/www.animaguzzista.com\/wp-content\/uploads\/2015\/04\/100-anni-in-due-a-capo-nord-2-100x100.jpg 100w\" sizes=\"(max-width: 150px) 100vw, 150px\" \/><\/a>\n\t\t\t<\/div><\/figure><figure class='gallery-item'>\n\t\t\t<div class='gallery-icon landscape'>\n\t\t\t\t<a href='https:\/\/www.animaguzzista.com\/?attachment_id=1545'><img loading=\"lazy\" decoding=\"async\" width=\"150\" height=\"150\" src=\"https:\/\/www.animaguzzista.com\/wp-content\/uploads\/2015\/04\/100-anni-in-due-a-capo-nord-4-150x150.jpg\" class=\"attachment-thumbnail size-thumbnail\" alt=\"100 anni in due, a capo nord\" srcset=\"https:\/\/www.animaguzzista.com\/wp-content\/uploads\/2015\/04\/100-anni-in-due-a-capo-nord-4-150x150.jpg 150w, https:\/\/www.animaguzzista.com\/wp-content\/uploads\/2015\/04\/100-anni-in-due-a-capo-nord-4-300x300.jpg 300w, https:\/\/www.animaguzzista.com\/wp-content\/uploads\/2015\/04\/100-anni-in-due-a-capo-nord-4-100x100.jpg 100w\" sizes=\"(max-width: 150px) 100vw, 150px\" \/><\/a>\n\t\t\t<\/div><\/figure>\n\t\t<\/div>\n\n<p>Normale sino a trento autostrada sino confine con Austria passata velocemente poi Germania tutta d\u2019un fiato, sosta dopo Hannover poche ore di sonno su una panchina in area di servizio caff\u00e8 da moca cioccolata e via traghetto Putgarden x Rodbyhavn Danimarca, Copenaghen tunnel e ponte foto confine Svezia Malmo dritto come un fuso verso Stoccolma , giratina in centro foto e via frutta al volo soste ogni 250\\300 km, mi fermo a dormire all&#8217;incirca presso forse Hudiksvall non tengo conto dei paesi e villaggi dove passo guardo con piacere e soddisfazione il paesaggio stupendo. Fumatina poche ore di sonno caff\u00e8 passeggiata e via si passa in Finlandia arrivo a Rovaniemi alle 23 penso di trovare babbo natale sveglio ma purtroppo stava dormendo quel po\\po di consumismo che ci gira intorno \u00e8 completamente sbarrato, visto che c\u2019\u00e8 ancora luce proseguo mi fermo verso le 24 \u00e8 giorno area di servizio prato pianto tenda battaglia con zanzare giganti foto in notturna paesaggio e nuvole stupende silenzio rumoroso.<br \/>\nTre ore di sonno ristoratore e si riparte rifornimento colazione alla finlandese e via, verso capo nord strade deserte poche macchine molti camper ,4 renne spelacchiate che attraversano la strada e sembrano messe dall&#8217;ente del turismo finlandese x i turisti. dopo tre giorni di sole inizia a piovere bene, la meta si avvicina rifornimento sotto una pioggia ghiacciata x arrivare in sicurezza al globo.<br \/>\nPiove sempre di pi\u00f9 tira un vento che sposta la moto la foschia lambisce la strada rombo del motore perfetto ,prima di affrontare il tunnel sotto il mare mi accorgo che le frecce e il clacson non funzionano pi\u00f9 e che il faro manda una luce sempre pi\u00f9 fioca che fare? Intorno il deserto bufera di pioggia nubi sempre pi\u00f9 basse ghiaccio in lontananza ,e se l\u2019alternatore non carica corro sino a che tiene la batteria poi mollo la moto e torno in autostop. Inizia il tunnel mi accodo dietro un camper a distanza di sicurezza e inizio a scendere nelle viscere della terra i pensieri si sovra pongono velocemente e se si ferma nel tunnel? Come fanno quelli in bici o a piedi che ho trovato lungo la strada? il tunnel diventava sempre pi\u00f9 buio e freddo, confesso ho avuto timore ma mi sono detto che la vecchia non mi avrebbe mollato e se fosse successo non mi sarei incazzato sono partito da casa con lo spirito leggero \u201cquel che succede succede&#8221; si prende tutto con filosofia.<\/p>\n<div id='gallery-2' class='gallery galleryid-1541 gallery-columns-4 gallery-size-thumbnail'><figure class='gallery-item'>\n\t\t\t<div class='gallery-icon landscape'>\n\t\t\t\t<a href='https:\/\/www.animaguzzista.com\/?attachment_id=1549'><img loading=\"lazy\" decoding=\"async\" width=\"150\" height=\"150\" src=\"https:\/\/www.animaguzzista.com\/wp-content\/uploads\/2015\/04\/100-anni-in-due-a-capo-nord-5-150x150.jpg\" class=\"attachment-thumbnail size-thumbnail\" alt=\"\" srcset=\"https:\/\/www.animaguzzista.com\/wp-content\/uploads\/2015\/04\/100-anni-in-due-a-capo-nord-5-150x150.jpg 150w, https:\/\/www.animaguzzista.com\/wp-content\/uploads\/2015\/04\/100-anni-in-due-a-capo-nord-5-300x300.jpg 300w, https:\/\/www.animaguzzista.com\/wp-content\/uploads\/2015\/04\/100-anni-in-due-a-capo-nord-5-100x100.jpg 100w\" sizes=\"(max-width: 150px) 100vw, 150px\" \/><\/a>\n\t\t\t<\/div><\/figure><figure class='gallery-item'>\n\t\t\t<div class='gallery-icon landscape'>\n\t\t\t\t<a href='https:\/\/www.animaguzzista.com\/?attachment_id=1548'><img loading=\"lazy\" decoding=\"async\" width=\"150\" height=\"150\" src=\"https:\/\/www.animaguzzista.com\/wp-content\/uploads\/2015\/04\/100-anni-in-due-a-capo-nord-6-150x150.jpg\" class=\"attachment-thumbnail size-thumbnail\" alt=\"\" srcset=\"https:\/\/www.animaguzzista.com\/wp-content\/uploads\/2015\/04\/100-anni-in-due-a-capo-nord-6-150x150.jpg 150w, https:\/\/www.animaguzzista.com\/wp-content\/uploads\/2015\/04\/100-anni-in-due-a-capo-nord-6-300x300.jpg 300w, https:\/\/www.animaguzzista.com\/wp-content\/uploads\/2015\/04\/100-anni-in-due-a-capo-nord-6-100x100.jpg 100w\" sizes=\"(max-width: 150px) 100vw, 150px\" \/><\/a>\n\t\t\t<\/div><\/figure><figure class='gallery-item'>\n\t\t\t<div class='gallery-icon landscape'>\n\t\t\t\t<a href='https:\/\/www.animaguzzista.com\/?attachment_id=1547'><img loading=\"lazy\" decoding=\"async\" width=\"150\" height=\"150\" src=\"https:\/\/www.animaguzzista.com\/wp-content\/uploads\/2015\/04\/100-anni-in-due-a-capo-nord-7-150x150.jpg\" class=\"attachment-thumbnail size-thumbnail\" alt=\"\" srcset=\"https:\/\/www.animaguzzista.com\/wp-content\/uploads\/2015\/04\/100-anni-in-due-a-capo-nord-7-150x150.jpg 150w, https:\/\/www.animaguzzista.com\/wp-content\/uploads\/2015\/04\/100-anni-in-due-a-capo-nord-7-300x300.jpg 300w, https:\/\/www.animaguzzista.com\/wp-content\/uploads\/2015\/04\/100-anni-in-due-a-capo-nord-7-100x100.jpg 100w\" sizes=\"(max-width: 150px) 100vw, 150px\" \/><\/a>\n\t\t\t<\/div><\/figure><figure class='gallery-item'>\n\t\t\t<div class='gallery-icon landscape'>\n\t\t\t\t<a href='https:\/\/www.animaguzzista.com\/?attachment_id=1546'><img loading=\"lazy\" decoding=\"async\" width=\"150\" height=\"150\" src=\"https:\/\/www.animaguzzista.com\/wp-content\/uploads\/2015\/04\/100-anni-in-due-a-capo-nord-8-150x150.jpg\" class=\"attachment-thumbnail size-thumbnail\" alt=\"100 anni in due, a capo nord\" srcset=\"https:\/\/www.animaguzzista.com\/wp-content\/uploads\/2015\/04\/100-anni-in-due-a-capo-nord-8-150x150.jpg 150w, https:\/\/www.animaguzzista.com\/wp-content\/uploads\/2015\/04\/100-anni-in-due-a-capo-nord-8-300x300.jpg 300w, https:\/\/www.animaguzzista.com\/wp-content\/uploads\/2015\/04\/100-anni-in-due-a-capo-nord-8-100x100.jpg 100w\" sizes=\"(max-width: 150px) 100vw, 150px\" \/><\/a>\n\t\t\t<\/div><\/figure>\n\t\t<\/div>\n\n<p>Finalmente fuori dal tunnel ma mi aspetta una pioggia e un vento che mi sembra ancora pi\u00f9 forte , da bora di trieste, manca una trentina di km tra tornanti ,vento che sposta la moto e freddo che entra nelle ossa ,incrociando le macchine o i pullman che scendevano bisognava fare molta attenzione, gli ultimi km non finivano mai,poi all&#8217;improvviso un casello dell\u2019autostrada ti si para dinanzi pago passo parcheggio e mi avvio verso il mappamondo CI SONO ARRIVATO bagnato fradicio infreddolito stanco ma soddisfatto, foto di rito e poi al caldo perch\u00e9 il vento soffiava sempre pi\u00f9 forte o almeno mi sembrava.<br \/>\nAl calduccio finalmente rifocillarsi e scaldarsi sms al meccanico ettore del problema moto, risposta velocissima fusibili saltati, rigirata e foto al mappamondo fumatina e poi via a cambiare i fusibili mi sembrano tutti a posto ne cambio due a caso e come x incanto la luce funzione non cosi le frecce, emb\u00e8 viaggeremo senza frecce ,sollevato e sempre pi\u00f9 bagnato mi accingo a lasciare quel sasso tanto desiderato ma inospitale .riparto con lo stesso tempaccio della salita e penso ho quasi 60 anni con la moto fanno 100 sono partito da padova 4 giorni fa e alle 18 sto scendendo da capo nord avendo vinto la scommessa con me stesso.<br \/>\nTOTALE KM PADOVA NORDKAPP 4250.<br \/>\nNon funzionano le frecce ma il resto \u00e8 ok, pensavo di incontrare qualche italiano ma targhe italiane non ne spuntano, x fortuna non soffro di solitudine. Il motore canta che \u00e8 un piacere si scende facendo ancora pi\u00f9 fatica che in salita ma mi sento leggero leggero e mi dico stasera niente tenda dopo tanto vento e pioggia al primo albergo mi fermo doccia bollente pasto passeggiata a mezzanotte come fosse mezzod\u00ec fumatina decisione tragitto x l\u2019indomani e poi a letto in un albergo senza lode ma con tanta infamia caro come un 5 stelle in italia.<br \/>\nLa meta e stata raggiunta , decido di scendere dalla Norvegia giro fiordi, sempre purtroppo sotto una pioggia incessante e siamo a marted\u00ec, paesaggi stupendi viste mozzafiato freddo e vento, norvegesi che campeggiano in mezzo al nulla pi\u00f9 assoluto venditori di souvenir che spuntano da una curva nella solitudine totale,e si va via fiordi tra lavori in corso x rendere una strada normale in qualcosa di pi\u00f9 sofisticato i paesi e i villaggi si susseguono tutti uguali anonimi ma lindi puliti e silenziosi .<br \/>\nSosta a 4800 km x controllo olio x sicurezza il livello \u00e8 lo stesso della partenza quindi tutto a posto ,piove piove piove arrivo in un paesino anonimo mangio e dopo altro giornata di pioggia cerco un albergo caldo caldo,purtroppo ancora pi\u00f9 caro dell\u2019altro ,poche ore di sonno fumatina ricca colazione e si parte ,fiordi fiordi e ancora fiordi un po\u2019 mi sono venuti a noia e riscommetto con me stesso\u201ddopo tanto freddo voglio essere a padova x sabato cos\u00ec domenica vado a crogiolarmi al caldo.<\/p>\n<div id='gallery-3' class='gallery galleryid-1541 gallery-columns-2 gallery-size-thumbnail'><figure class='gallery-item'>\n\t\t\t<div class='gallery-icon landscape'>\n\t\t\t\t<a href='https:\/\/www.animaguzzista.com\/?attachment_id=1550'><img loading=\"lazy\" decoding=\"async\" width=\"150\" height=\"150\" src=\"https:\/\/www.animaguzzista.com\/wp-content\/uploads\/2015\/04\/100-anni-in-due-a-capo-nord-10-150x150.jpg\" class=\"attachment-thumbnail size-thumbnail\" alt=\"100 anni in due, a capo nord\" srcset=\"https:\/\/www.animaguzzista.com\/wp-content\/uploads\/2015\/04\/100-anni-in-due-a-capo-nord-10-150x150.jpg 150w, https:\/\/www.animaguzzista.com\/wp-content\/uploads\/2015\/04\/100-anni-in-due-a-capo-nord-10-300x300.jpg 300w, https:\/\/www.animaguzzista.com\/wp-content\/uploads\/2015\/04\/100-anni-in-due-a-capo-nord-10-100x100.jpg 100w\" sizes=\"(max-width: 150px) 100vw, 150px\" \/><\/a>\n\t\t\t<\/div><\/figure><figure class='gallery-item'>\n\t\t\t<div class='gallery-icon portrait'>\n\t\t\t\t<a href='https:\/\/www.animaguzzista.com\/?attachment_id=1551'><img loading=\"lazy\" decoding=\"async\" width=\"150\" height=\"150\" src=\"https:\/\/www.animaguzzista.com\/wp-content\/uploads\/2015\/04\/100-anni-in-due-a-capo-nord-9-150x150.jpg\" class=\"attachment-thumbnail size-thumbnail\" alt=\"\" srcset=\"https:\/\/www.animaguzzista.com\/wp-content\/uploads\/2015\/04\/100-anni-in-due-a-capo-nord-9-150x150.jpg 150w, https:\/\/www.animaguzzista.com\/wp-content\/uploads\/2015\/04\/100-anni-in-due-a-capo-nord-9-300x300.jpg 300w, https:\/\/www.animaguzzista.com\/wp-content\/uploads\/2015\/04\/100-anni-in-due-a-capo-nord-9-100x100.jpg 100w\" sizes=\"(max-width: 150px) 100vw, 150px\" \/><\/a>\n\t\t\t<\/div><\/figure>\n\t\t<\/div>\n\n<p>Corro sino a che ce la faccio area di sosta prato tenda poche ore di sonno ricca colazione e via verso Oslo direzione centro come arrivo in centro la moto non rende bene oddio non \u00e8 una moto da citt\u00e0, e mi accorgo che si \u00e8 allentato un tubo di scarico sosta x raffreddare tubi avvitamento e si riparte direzione Goteborg x Frederikshavn traghetto alle ore 16, ma l\u2019avvitamento non regge che fare? altra sosta, cercare pezzo di ferro x legare ghiera tubo scarico trovato x caso una fascetta fissata sulla testa e via un po rumoroso ma efficace.<br \/>\nOre 20 traghetto Goteborg si traghetta in Danimarca caff\u00e8 con moca con motociclista finlandese che vive in spagna cena e poi via in strada tenda fumatina poche ore di sonno e si riparte, si riattraversa la Germania sosta sopra monaco riposino 4,30 sveglia 5 pronto x partire messaggino a Ettore arrivo prima della chiusura aspettami .<br \/>\nSabato mattina ore 12,20 arrivo di fronte officina di Ettore pietrone via padova Bovolenta meccanico di moto con una certa et\u00e0 ,km 8720 percorsi padova capo nord-Bovolenta giorni 8 1\\2 stanco ma soddisfatto, vestito come arrivassi dal polo nord.<br \/>\nUn viaggio da fare magari con pi\u00f9 tempo ma assolutamente da fare\u2026\u2026.<\/p>\n","protected":false},"excerpt":{"rendered":"<p>di Mirco Spinelli &nbsp; Ho da anni una guzzi california 850, alla fine di giugno mi sono detto \u201c la moto compie 40 anni io ne ho quasi 60, 100 anni in due\u201d facciamoci un regalo e una scommessa ,andiamo e torniamo a capo nord senza nessuna organizzazione e in solitaria. Detto fatto porto la [&hellip;]<\/p>\n","protected":false},"author":3,"featured_media":1546,"comment_status":"closed","ping_status":"open","sticky":false,"template":"","format":"standard","meta":{"ngg_post_thumbnail":0,"footnotes":""},"categories":[6,42],"tags":[],"_links":{"self":[{"href":"https:\/\/www.animaguzzista.com\/index.php?rest_route=\/wp\/v2\/posts\/1541"}],"collection":[{"href":"https:\/\/www.animaguzzista.com\/index.php?rest_route=\/wp\/v2\/posts"}],"about":[{"href":"https:\/\/www.animaguzzista.com\/index.php?rest_route=\/wp\/v2\/types\/post"}],"author":[{"embeddable":true,"href":"https:\/\/www.animaguzzista.com\/index.php?rest_route=\/wp\/v2\/users\/3"}],"replies":[{"embeddable":true,"href":"https:\/\/www.animaguzzista.com\/index.php?rest_route=%2Fwp%2Fv2%2Fcomments&post=1541"}],"version-history":[{"count":2,"href":"https:\/\/www.animaguzzista.com\/index.php?rest_route=\/wp\/v2\/posts\/1541\/revisions"}],"predecessor-version":[{"id":3004,"href":"https:\/\/www.animaguzzista.com\/index.php?rest_route=\/wp\/v2\/posts\/1541\/revisions\/3004"}],"wp:featuredmedia":[{"embeddable":true,"href":"https:\/\/www.animaguzzista.com\/index.php?rest_route=\/wp\/v2\/media\/1546"}],"wp:attachment":[{"href":"https:\/\/www.animaguzzista.com\/index.php?rest_route=%2Fwp%2Fv2%2Fmedia&parent=1541"}],"wp:term":[{"taxonomy":"category","embeddable":true,"href":"https:\/\/www.animaguzzista.com\/index.php?rest_route=%2Fwp%2Fv2%2Fcategories&post=1541"},{"taxonomy":"post_tag","embeddable":true,"href":"https:\/\/www.animaguzzista.com\/index.php?rest_route=%2Fwp%2Fv2%2Ftags&post=1541"}],"curies":[{"name":"wp","href":"https:\/\/api.w.org\/{rel}","templated":true}]}}